{"id":14697,"date":"2019-06-29T21:34:00","date_gmt":"2019-06-29T19:34:00","guid":{"rendered":"https:\/\/www.lintelligentdabidjan.info\/news\/?p=14697"},"modified":"2019-06-29T21:49:25","modified_gmt":"2019-06-29T19:49:25","slug":"cote-divoire-2020-envisage-avec-beaucoup-de-serenite-toure-mamadou","status":"publish","type":"post","link":"https:\/\/www.lintelligentdabidjan.info\/news\/cote-divoire-2020-envisage-avec-beaucoup-de-serenite-toure-mamadou\/","title":{"rendered":"C\u00f4te d\u2019Ivoire: 2020 envisag\u00e9 avec beaucoup de s\u00e9r\u00e9nit\u00e9 (Tour\u00e9 Mamadou)"},"content":{"rendered":"<p><em><strong>Le ministre Tour\u00e9 Mamadou, a indiqu\u00e9 samedi 29 juin 2019, lors de l\u2019inauguration du nouveau si\u00e8ge du parti \u00e0 Grand Bassam, que le Rhdp n&#8217;a aucune inqui\u00e9tude au sujet de la pr\u00e9sidentielle de 2020.<\/strong><\/em><\/p>\n<p><em>\u00abQuand on regarde la sc\u00e8ne politique, aucune force n&#8217;est \u00e0 m\u00eame d\u2019inqui\u00e9ter le Rhdp. Le sc\u00e9nario est tel que tous, nous avons g\u00e9r\u00e9 le pays. Chacun a g\u00e9r\u00e9 \u00e0 un moment donn\u00e9, et les ivoiriens ont vu chacun \u00e0 l\u2019\u0153uvre. 2020, \u00e7a sera donc bilan contre bilan. Chacun viendra dire aux Ivoiriens ce qu&#8217;il a fait pour ceux, quand il \u00e9tait aux affaires. \u00c0 ce niveau, le Rhdp est serein. Car, ses actions sont plus que visibles. Chers militants, soyez donc sereins.  Nous envisageons 2020 avec beaucoup de s\u00e9r\u00e9nit\u00e9\u00bb<\/em>, a dit Tour\u00e9 Mamadou.<\/p>\n<p>Entretenant  les militants autour du th\u00e8me :<em>\u201cPerspectives du Rhdp pour la C\u00f4te d\u2019Ivoire\u201d<\/em>.l, Tour\u00e9 Mamadou a expliqu\u00e9 que l\u2019objectif du Rhdp, c&#8217;est de faire de la C\u00f4te d\u2019Ivoire, un pays stable, en paix et d\u00e9velopp\u00e9. Apr\u00e8s 8 ans de r\u00e8gne, il a estime qu&#8217;il reste encore des d\u00e9fis a relever, puisque tout n&#8217;est pas rose. <\/p>\n<p><em>\u00ab C&#8217;est justement parce qu&#8217;il reste ces d\u00e9fis, qu&#8217;au vu des bons r\u00e9sultats d\u00e9j\u00e0 obtenus, nous nous positionnons en 2020 pour continuer ce que nous avons d\u00e9j\u00e0 entrepris. Nous sommes dans la continuit\u00e9\u00bb<\/em>,  a indiqu\u00e9 le ministre Tour\u00e9 Mamadou, qui a invit\u00e9 les militants a faire en sorte que cette majorit\u00e9 se confirme dans les urnes en 2020.<\/p>\n<p><strong>[ \u00ab B\u00e9di\u00e9 a fait la promotion de ses parents au d\u00e9triment des cadres du Pdci-Rda \u00bb ]<\/strong><\/p>\n<p>Il a profit\u00e9 pour lancer un message au pr\u00e9sident du Pdci-Rda, Henri Konan B\u00e9di\u00e9, en raison de ses propos jug\u00e9s d&#8217;ivoiritaires. Il a laiss\u00e9 entendre que pour la jeune classe politique nationale,<em> \u00ab papa B\u00e9di\u00e9 \u00bb<\/em> \u00e9tait un source de fiert\u00e9, notamment au regard des actions pos\u00e9es entre 2005 et 2015.<\/p>\n<p><em>\u00ab Nous \u00e9tions a mesure de dire qu&#8217;il avait chang\u00e9 positivement. Mais l\u00e0, nous constatons un recule. Le retour des vieux d\u00e9mons. Des chose que nous avions oubli\u00e9 qui resurgissent\u00bb<\/em>, a-t-il d\u00e9plor\u00e9.<\/p>\n<p>Il a r\u00e9fut\u00e9 la th\u00e8se selon laquelle, le Rhdp ferait une politique de rattrapage ethnique. Pour lui, c&#8217;est plut\u00f4t le Pr\u00e9sident B\u00e9di\u00e9 qui, au temps o\u00f9 il \u00e9tait encore consult\u00e9 par le Pr\u00e9sident Ouattara avant les nominations, pr\u00e9f\u00e9rait donner les noms des membres de sa famille, plut\u00f4t que des cadres de son parti.<\/p>\n<p><em>\u00ab Notre papa B\u00e9di\u00e9, au temps o\u00f9 tout allait bien entre nous, chaque fois qu&#8217;il \u00e9tait consult\u00e9 pour une nomination, pr\u00e9f\u00e9rait donner les noms des membres de sa famille, et ignorer les cadres du Pdci-Rda. Son fils Jean-Luc B\u00e9di\u00e9 est conseiller du Premier ministre. Sa fille est DGA de la Soci\u00e9t\u00e9 des palaces. Le fr\u00e8re de sa femme est \u00e0 la t\u00eate de Versus Bank, (\u2026). C\u2019est pour tout ceci que le Pr\u00e9sident de la R\u00e9publique a d\u00e9cid\u00e9 de se passer d\u00e9sormais de lui. Depuis lors, les cadres du Pdci-Rda ne se plaignent plus\u00bb,<\/em> a-t-il fait remarquer.<\/p>\n<p>Poursuivant sa d\u00e9monstration, il a expliqu\u00e9 que sur les 33 s\u00e9nateurs nomm\u00e9s par le Pr\u00e9sident de la R\u00e9publique,<em> \u00abseuls 13 sont du grand Nord. Il a fait 148 nominations dans l\u2019arm\u00e9e, dont seulement 48 sont du Nord. Sur les 15 directeurs de cabinet nomm\u00e9s au dernier conseil des ministres, seuls 7 sont du Nord. O\u00f9 est donc le rattrapage ? \u00bb<\/em>, s\u2019est-il interrog\u00e9.<\/p>\n<p><strong>J-H K<\/strong><\/p>\n","protected":false},"excerpt":{"rendered":"<p>Le ministre Tour\u00e9 Mamadou, a indiqu\u00e9 samedi 29 juin 2019, lors de l\u2019inauguration du nouveau si\u00e8ge du parti \u00e0 Grand Bassam, que le Rhdp n&#8217;a aucune inqui\u00e9tude au sujet de la pr\u00e9sidentielle de 2020. \u00abQuand on regarde la sc\u00e8ne politique, aucune force n&#8217;est \u00e0 m\u00eame d\u2019inqui\u00e9ter le Rhdp. Le sc\u00e9nario est tel que tous, nous [&hellip;]<\/p>\n","protected":false},"author":3,"featured_media":14700,"comment_status":"closed","ping_status":"closed","sticky":false,"template":"","format":"standard","meta":{"_monsterinsights_skip_tracking":false,"_monsterinsights_sitenote_active":false,"_monsterinsights_sitenote_note":"","_monsterinsights_sitenote_category":0,"footnotes":""},"categories":[2,17],"tags":[],"class_list":["post-14697","post","type-post","status-publish","format-standard","has-post-thumbnail","hentry","category-featured","category-politique"],"_links":{"self":[{"href":"https:\/\/www.lintelligentdabidjan.info\/news\/wp-json\/wp\/v2\/posts\/14697","targetHints":{"allow":["GET"]}}],"collection":[{"href":"https:\/\/www.lintelligentdabidjan.info\/news\/wp-json\/wp\/v2\/posts"}],"about":[{"href":"https:\/\/www.lintelligentdabidjan.info\/news\/wp-json\/wp\/v2\/types\/post"}],"author":[{"embeddable":true,"href":"https:\/\/www.lintelligentdabidjan.info\/news\/wp-json\/wp\/v2\/users\/3"}],"replies":[{"embeddable":true,"href":"https:\/\/www.lintelligentdabidjan.info\/news\/wp-json\/wp\/v2\/comments?post=14697"}],"version-history":[{"count":5,"href":"https:\/\/www.lintelligentdabidjan.info\/news\/wp-json\/wp\/v2\/posts\/14697\/revisions"}],"predecessor-version":[{"id":14703,"href":"https:\/\/www.lintelligentdabidjan.info\/news\/wp-json\/wp\/v2\/posts\/14697\/revisions\/14703"}],"wp:featuredmedia":[{"embeddable":true,"href":"https:\/\/www.lintelligentdabidjan.info\/news\/wp-json\/wp\/v2\/media\/14700"}],"wp:attachment":[{"href":"https:\/\/www.lintelligentdabidjan.info\/news\/wp-json\/wp\/v2\/media?parent=14697"}],"wp:term":[{"taxonomy":"category","embeddable":true,"href":"https:\/\/www.lintelligentdabidjan.info\/news\/wp-json\/wp\/v2\/categories?post=14697"},{"taxonomy":"post_tag","embeddable":true,"href":"https:\/\/www.lintelligentdabidjan.info\/news\/wp-json\/wp\/v2\/tags?post=14697"}],"curies":[{"name":"wp","href":"https:\/\/api.w.org\/{rel}","templated":true}]}}