{"id":14714,"date":"2019-07-01T00:15:17","date_gmt":"2019-06-30T22:15:17","guid":{"rendered":"https:\/\/www.lintelligentdabidjan.info\/news\/?p=14714"},"modified":"2019-07-01T00:50:38","modified_gmt":"2019-06-30T22:50:38","slug":"ricardo-maniti-selectionneur-de-la-namibie-ce-sera-une-grande-erreur-pour-la-cote-divoire-de-sous-estimer-la-namibie","status":"publish","type":"post","link":"https:\/\/www.lintelligentdabidjan.info\/news\/ricardo-maniti-selectionneur-de-la-namibie-ce-sera-une-grande-erreur-pour-la-cote-divoire-de-sous-estimer-la-namibie\/","title":{"rendered":"Ricardo Maniti (S\u00e9lectionneur de la Namibie) :\u201cCe sera une grande erreur pour la C\u00f4te d\u2019Ivoire de sous-estimer  la Namibie\u201d"},"content":{"rendered":"<p><em><strong>Avec deux  d\u00e9faites  et z\u00e9ro point \u00e0 son  compteur  au Caire  dans le groupe D, la Namibie esp\u00e8re   arracher sa premi\u00e8re victoire  de la CAN, le lundi 1er juillet 2019 face \u00e0 la C\u00f4te d\u2019Ivoire \u00e0 la faveur  de la 3ejourn\u00e9e  de ce groupe.  En tout cas, c\u2019est le message qu\u2019a laiss\u00e9 transpara\u00eetre  le s\u00e9lectionneur des  Warrios, Ricardo Mannetti en salle de conf\u00e9rence de presse, le dimanche 30 juin 2019 au Stade du 30 juin . <\/strong><\/em><\/p>\n<p><em>\u00ab Nous esp\u00e9rons avoir notre  meilleur  r\u00e9sultat de la CAN au terme du match face \u00e0 la C\u00f4te d\u2019Ivoire.  Nous n\u2019avons pas encore  inscrit de but dans cette comp\u00e9tition.  Nous envisageons  marquer notre premier but face \u00e0 la C\u00f4te d\u2019Ivoire.  Notre \u00e9quipe doit s\u2019am\u00e9liorer face \u00e0 la C\u00f4te d\u2019Ivoire. Il y a  de la progression dans le jeu. Nous allons poser des probl\u00e8mes \u00e0  la C\u00f4te d\u2019Ivoire \u00bb<\/em>, a dit Ricardo Mannetti. Il a indiqu\u00e9 qu\u2019il  ne sera pas question  que son \u00e9quipe s\u2019affiche dans le m\u00eame registre de jeu  que  lors des deux  pr\u00e9c\u00e9dents matchs. Pour Ricardo Mannetti, il faut jouer autrement pour surprendre la C\u00f4te d\u2019Ivoire. <\/p>\n<p><em>\u00ab Je pense que nous devons diff\u00e9rencier les r\u00e9sultats des deux matchs. En mati\u00e8re de r\u00e9sultat, il n\u2019y a pas de coach qui aime perdre.  Le premier match, nous avons montr\u00e9 que nous avons \u00e9t\u00e9 tr\u00e8s compacts. Contre l\u2019Afrique du Sud, nous avons ouvert le jeu. Pour le match contre la C\u00f4te d\u2019Ivoire, nous allons jouer diff\u00e9remment. Nous avons beaucoup \u00e9tudi\u00e9 le jeu de la C\u00f4te d\u2019Ivoire. Nous allons jouer diff\u00e9remment. Il y\u2019a des faiblesses dans cette \u00e9quipes  que nous allons exploiter  \u00bb<\/em>, a-t-il argument\u00e9. Et d\u2019ajouter : <em>&#8220;La Namibie prend toujours le meilleur sur les \u00e9quipes ouest africaine.  Ce sera une grande erreur pour la C\u00f4te d\u2019Ivoire de sous-estimer  la Namibie&#8221;<\/em>. <\/p>\n<p><strong>AK  au Caire<\/strong><\/p>\n","protected":false},"excerpt":{"rendered":"<p>Avec deux d\u00e9faites et z\u00e9ro point \u00e0 son compteur au Caire dans le groupe D, la Namibie esp\u00e8re arracher sa premi\u00e8re victoire de la CAN, le lundi 1er juillet 2019 face \u00e0 la C\u00f4te d\u2019Ivoire \u00e0 la faveur de la 3ejourn\u00e9e de ce groupe. En tout cas, c\u2019est le message qu\u2019a laiss\u00e9 transpara\u00eetre le s\u00e9lectionneur [&hellip;]<\/p>\n","protected":false},"author":3,"featured_media":14723,"comment_status":"closed","ping_status":"closed","sticky":false,"template":"","format":"standard","meta":{"_monsterinsights_skip_tracking":false,"_monsterinsights_sitenote_active":false,"_monsterinsights_sitenote_note":"","_monsterinsights_sitenote_category":0,"footnotes":""},"categories":[2,23],"tags":[],"class_list":["post-14714","post","type-post","status-publish","format-standard","has-post-thumbnail","hentry","category-featured","category-sport"],"_links":{"self":[{"href":"https:\/\/www.lintelligentdabidjan.info\/news\/wp-json\/wp\/v2\/posts\/14714","targetHints":{"allow":["GET"]}}],"collection":[{"href":"https:\/\/www.lintelligentdabidjan.info\/news\/wp-json\/wp\/v2\/posts"}],"about":[{"href":"https:\/\/www.lintelligentdabidjan.info\/news\/wp-json\/wp\/v2\/types\/post"}],"author":[{"embeddable":true,"href":"https:\/\/www.lintelligentdabidjan.info\/news\/wp-json\/wp\/v2\/users\/3"}],"replies":[{"embeddable":true,"href":"https:\/\/www.lintelligentdabidjan.info\/news\/wp-json\/wp\/v2\/comments?post=14714"}],"version-history":[{"count":1,"href":"https:\/\/www.lintelligentdabidjan.info\/news\/wp-json\/wp\/v2\/posts\/14714\/revisions"}],"predecessor-version":[{"id":14715,"href":"https:\/\/www.lintelligentdabidjan.info\/news\/wp-json\/wp\/v2\/posts\/14714\/revisions\/14715"}],"wp:featuredmedia":[{"embeddable":true,"href":"https:\/\/www.lintelligentdabidjan.info\/news\/wp-json\/wp\/v2\/media\/14723"}],"wp:attachment":[{"href":"https:\/\/www.lintelligentdabidjan.info\/news\/wp-json\/wp\/v2\/media?parent=14714"}],"wp:term":[{"taxonomy":"category","embeddable":true,"href":"https:\/\/www.lintelligentdabidjan.info\/news\/wp-json\/wp\/v2\/categories?post=14714"},{"taxonomy":"post_tag","embeddable":true,"href":"https:\/\/www.lintelligentdabidjan.info\/news\/wp-json\/wp\/v2\/tags?post=14714"}],"curies":[{"name":"wp","href":"https:\/\/api.w.org\/{rel}","templated":true}]}}