{"id":14720,"date":"2019-07-01T00:26:28","date_gmt":"2019-06-30T22:26:28","guid":{"rendered":"https:\/\/www.lintelligentdabidjan.info\/news\/?p=14720"},"modified":"2019-07-01T00:47:45","modified_gmt":"2019-06-30T22:47:45","slug":"developpement-localdes-jeunes-de-bingerville-veulent-porter-la-commune-a-bras-le-corps","status":"publish","type":"post","link":"https:\/\/www.lintelligentdabidjan.info\/news\/developpement-localdes-jeunes-de-bingerville-veulent-porter-la-commune-a-bras-le-corps\/","title":{"rendered":"D\u00e9veloppement local:Des jeunes de Bingerville veulent porter la commune \u00e0 bras-le-corps"},"content":{"rendered":"<p><em><strong>Hien Ibrahim, pr\u00e9sident de R\u00e9seau \u2018\u2019J\u2019aime Bingerville\u2019\u2019 a donn\u00e9 le jeudi 27 juin 2019 une conf\u00e9rence de presse  au foyer des jeunes de la commune pour expliquer le bien-fond\u00e9 de sa structure. <\/strong><\/em><\/p>\n<p>Il a dit que son r\u00e9seau est une plateforme apolitique de promotion de la commune de Bingerville avec la volont\u00e9 de f\u00e9d\u00e9rer  toutes les forces vives engag\u00e9es pour le d\u00e9veloppement de la cit\u00e9.  Selon lui, le r\u00e9seau \u2018\u2019J\u2019aime Bingerville\u2019\u2019 s\u2019inscrit dans la logique du d\u00e9put\u00e9-maire Issouf Doumbia qui en est l\u2019inspirateur. <\/p>\n<p>\u00c0 la question de savoir si son r\u00e9seau n\u2019est pas le bras s\u00e9culier du d\u00e9put\u00e9-maire de la commune, le pr\u00e9sident Hien r\u00e9pond par la n\u00e9gative et revendique  l\u2019ind\u00e9pendance de son mouvement.  Sur  sa lanc\u00e9e, il a r\u00e9v\u00e9l\u00e9  que l\u2019Assembl\u00e9e g\u00e9n\u00e9rale constitutive du R\u00e9seau \u2018\u2019 J\u2019aime  Bingerville\u2019\u2019 aura lieu le samedi 6 juillet 2019 pour le doter des organes l\u00e9gitimes dont un pr\u00e9sident d\u00e9mocratiquement \u00e9lu.  Ce sont tous les jeunes de la commune qui y sont invit\u00e9s \u00e0 prendre part.  Puis, le samedi 13 juillet, il y aura un concert gratuit au stade de Bingerville pour \u00e9gayer la population.<br \/>\nLe r\u00e9seau est entr\u00e9 en gestation le 14 juillet 2018 et regroupe les jeunes de toutes  ob\u00e9issances politiques.   Il  a \u00e0 son actif des dons faits \u00e0 l\u2019orphelinat de Bingerville et la r\u00e9habilitation des salles de classes et autres.<\/p>\n<p><strong>M. Ouattara<\/strong><\/p>\n","protected":false},"excerpt":{"rendered":"<p>Hien Ibrahim, pr\u00e9sident de R\u00e9seau \u2018\u2019J\u2019aime Bingerville\u2019\u2019 a donn\u00e9 le jeudi 27 juin 2019 une conf\u00e9rence de presse au foyer des jeunes de la commune pour expliquer le bien-fond\u00e9 de sa structure. Il a dit que son r\u00e9seau est une plateforme apolitique de promotion de la commune de Bingerville avec la volont\u00e9 de f\u00e9d\u00e9rer toutes [&hellip;]<\/p>\n","protected":false},"author":3,"featured_media":14722,"comment_status":"closed","ping_status":"closed","sticky":false,"template":"","format":"standard","meta":{"_monsterinsights_skip_tracking":false,"_monsterinsights_sitenote_active":false,"_monsterinsights_sitenote_note":"","_monsterinsights_sitenote_category":0,"footnotes":""},"categories":[2,3],"tags":[],"class_list":["post-14720","post","type-post","status-publish","format-standard","has-post-thumbnail","hentry","category-featured","category-societe"],"_links":{"self":[{"href":"https:\/\/www.lintelligentdabidjan.info\/news\/wp-json\/wp\/v2\/posts\/14720","targetHints":{"allow":["GET"]}}],"collection":[{"href":"https:\/\/www.lintelligentdabidjan.info\/news\/wp-json\/wp\/v2\/posts"}],"about":[{"href":"https:\/\/www.lintelligentdabidjan.info\/news\/wp-json\/wp\/v2\/types\/post"}],"author":[{"embeddable":true,"href":"https:\/\/www.lintelligentdabidjan.info\/news\/wp-json\/wp\/v2\/users\/3"}],"replies":[{"embeddable":true,"href":"https:\/\/www.lintelligentdabidjan.info\/news\/wp-json\/wp\/v2\/comments?post=14720"}],"version-history":[{"count":1,"href":"https:\/\/www.lintelligentdabidjan.info\/news\/wp-json\/wp\/v2\/posts\/14720\/revisions"}],"predecessor-version":[{"id":14721,"href":"https:\/\/www.lintelligentdabidjan.info\/news\/wp-json\/wp\/v2\/posts\/14720\/revisions\/14721"}],"wp:featuredmedia":[{"embeddable":true,"href":"https:\/\/www.lintelligentdabidjan.info\/news\/wp-json\/wp\/v2\/media\/14722"}],"wp:attachment":[{"href":"https:\/\/www.lintelligentdabidjan.info\/news\/wp-json\/wp\/v2\/media?parent=14720"}],"wp:term":[{"taxonomy":"category","embeddable":true,"href":"https:\/\/www.lintelligentdabidjan.info\/news\/wp-json\/wp\/v2\/categories?post=14720"},{"taxonomy":"post_tag","embeddable":true,"href":"https:\/\/www.lintelligentdabidjan.info\/news\/wp-json\/wp\/v2\/tags?post=14720"}],"curies":[{"name":"wp","href":"https:\/\/api.w.org\/{rel}","templated":true}]}}