{"id":14767,"date":"2019-07-03T16:15:41","date_gmt":"2019-07-03T14:15:41","guid":{"rendered":"https:\/\/www.lintelligentdabidjan.info\/news\/?p=14767"},"modified":"2019-07-03T16:15:41","modified_gmt":"2019-07-03T14:15:41","slug":"comment-le-malentendu-entre-danho-et-des-journalistes-a-ete-regle-can-2019-cote-divoire","status":"publish","type":"post","link":"https:\/\/www.lintelligentdabidjan.info\/news\/comment-le-malentendu-entre-danho-et-des-journalistes-a-ete-regle-can-2019-cote-divoire\/","title":{"rendered":"Comment le malentendu entre Danho et des journalistes a \u00e9t\u00e9 r\u00e9gl\u00e9 (CAN 2019, C\u00f4te d\u2019Ivoire)"},"content":{"rendered":"<p><strong><em>Danho Claude Paulin, ministre des sports, a acc\u00e9d\u00e9 mercredi 3 juillet 2019 \u00e0 la requ\u00eate des journalistes membres de la d\u00e9l\u00e9gation des supporteurs, qui ne sont pas rentr\u00e9s au pays, comme pr\u00e9vu initialement , apr\u00e8s le dernier match et la qualification le 1er juillet 2019. <\/em><\/strong><\/p>\n<p>Ainsi, ces six journalistes rest\u00e9s au Caire, seront pris en charge jusqu\u2019au match du lundi 8 juillet 2019, et ensuite selon la progression de l\u2019\u00e9quipe ivoirienne, y compris jusqu\u2019\u00e0 la finale.  Le chef de cabinet du ministre, pr\u00e9sent en \u00c9gypte, a re\u00e7u les instructions, ( en liaison avec l\u2019ambassadeur) pour prendre les dispositions pratiques avec les concern\u00e9s, \u00e0 cet effet. <\/p>\n<p>Cette d\u00e9cision est le fruit d\u2019une m\u00e9diation men\u00e9e par Fernand Dedeh, l\u2019un des doyens du groupe des journalistes en \u00c9gypte. <\/p>\n<p>Accr\u00e9dit\u00e9 pour la Can, et pr\u00e9sent \u00e0 ses frais pour suivre la comp\u00e9tition , Fernand Dedeh s\u2019est impliqu\u00e9 pour r\u00e9gler \u00e0 l\u2019ivoirienne ( par le dialogue ) le malentendu n\u00e9 de la pr\u00e9occupation des journalistes en question de rester au Caire, suite \u00e0 la qualification des \u00c9l\u00e9phants, alors qu\u2019ils devaient rentrer au pays, selon le chronogramme \u00e9tabli par le minist\u00e8re  compte tenu du nombre de jours entre le dernier match des \u00c9l\u00e9phants et le match suivant, pr\u00e9vu le 8 juillet 2019, \u00e0 Suez. <\/p>\n<p>Assist\u00e9 de Philippe Kouhon, journaliste invit\u00e9 par le minist\u00e8re des sports, de Anne-Marie, pr\u00e9sidente de \u2018Union nationale de la presse sportive de C\u00f4te d\u2019Ivoire, UNPSCI, et en pr\u00e9sence des journalistes concern\u00e9s, Fernand Dedeh , a \u00e9chang\u00e9 avec les collaborateurs du ministre des sports, le mardi 2 juillet 2019. <\/p>\n<p>\u00ab Les journalistes n\u2019ont jamais refus\u00e9 de retourner au pays.<br \/>\nNous avons demand\u00e9  au chef de cabinet de pr\u00e9senter, au nom des journalistes concern\u00e9s, nos excuses pour ce qu\u2019il a consid\u00e9r\u00e9 comme \u00ab une d\u00e9fiance \u00e0 son autorit\u00e9. Nous avons \u00e9mis une dol\u00e9ance, celle de voir les journalistes r\u00e9int\u00e9grer leurs chambres aux frais du minist\u00e8re des Sports.  Le chef de cabinet a pris bonne note. Il attend les instructions du ministre pour aviser.  Dans l\u2019attente, nous avons convenu ensemble, de mettre balle \u00e0 terre et \u00e9viter les publications enflamm\u00e9es sur les r\u00e9seaux sociaux \u00bb, avait confi\u00e9 Fernand Dedeh.<\/p>\n<p>Suite \u00e0 son t\u00e9moignage et au compte rendu fait par le chef de cabinet, le ministre des sports a pris acte. <\/p>\n<p>Prenant acte de ce d\u00e9nouement heureux, les journalistes concern\u00e9s ont sign\u00e9 la note d\u2019excuses ci-dessous \u00e0 l\u2019attention du ministre des sports, Danho Paulin. <\/p>\n<p>\u00ab Monsieur le Ministre des Sports, <\/p>\n<p>Nous, ( Rokya SYLLA,<br \/>\n, OUATTARA Gaoussou,<br \/>\n, Mo\u00efse N&#8217;GUESSAN, ASSEMAN Olivier, Patrick GUITEY,<br \/>\nKONE Nathan), journalistes ivoiriens demeur\u00e9s au Caire pour la couverture de la CAN 2019, venons par la pr\u00e9sente dissiper le malentendu du lundi 1er juillet.<\/p>\n<p>En effet, \u00e0 aucun moment, nous n&#8217;avons voulu d\u00e9fier l&#8217;autorit\u00e9 que vous repr\u00e9sentez.<\/p>\n<p>Au contraire, nous avions le souci de mener \u00e0 bien la mission pour laquelle nous avons fait le d\u00e9placement au Caire. <\/p>\n<p>La mission que vous m\u00eame avez consenti \u00e0 nous confier.<\/p>\n<p>Malheureusement, un probl\u00e8me de communication n\u00e9 d&#8217;une incompr\u00e9hension nous a \u00e9loign\u00e9 de notre objectif : rester soud\u00e9s autour de la s\u00e9lection nationale de C\u00f4te d\u2019Ivoire pour la victoire. <\/p>\n<p>\u00c0 travers cette note, nous esp\u00e9rons dissiper cette fum\u00e9e grise pour nous remettre sur la voie que vous avez trac\u00e9e. <\/p>\n<p>Mais \u00e9galement, exprimer notre affliction face au sentiment de d\u00e9fiance que notre d\u00e9cision a suscit\u00e9 aupr\u00e8s de vous.<\/p>\n<p>Nous tenons, par la m\u00eame occasion, \u00e0 pr\u00e9senter toutes nos excuses au Pr\u00e9sident de la R\u00e9publique, SEM Alassane OUATTARA, au Vice pr\u00e9sident de la R\u00e9publique SEM Daniel Kablan DUNCAN, au Premier ministre, Ministre du Budget et du Porte-feuille, Chef du Gouvernement, et \u00e0 l&#8217;ensemble du Gouvernement ivoirien, pour notre acte qui a pris des dimensions regrettables. \u00bb<\/p>\n<p>Tout est bien, qui finit bien&#8230;. , pourrait-on dire..<\/p>\n<p>Rentr\u00e9 \u00e0 Abidjan mardi 2 juillet 2019 , le ministre des sports qui a pris, avec l\u2019accord du gouvernement,  les dispositions en vue d\u2019une pr\u00e9sence des \u00c9l\u00e9phants en \u00c9gypte jusqu\u2019\u00e0 la finale, regagnera le Caire, le week-end pour le match de la C\u00f4te d\u2019Ivoire contre le Mali, \u00e0 Suez, lundi 8 mai 2018, dans le cadre des huiti\u00e8mes de finale de la coupe d\u2019Afrique des nations 2019.<\/p>\n<p>C.K<\/p>\n","protected":false},"excerpt":{"rendered":"<p>Danho Claude Paulin, ministre des sports, a acc\u00e9d\u00e9 mercredi 3 juillet 2019 \u00e0 la requ\u00eate des journalistes membres de la d\u00e9l\u00e9gation des supporteurs, qui ne sont pas rentr\u00e9s au pays, comme pr\u00e9vu initialement , apr\u00e8s le dernier match et la qualification le 1er juillet 2019. Ainsi, ces six journalistes rest\u00e9s au Caire, seront pris en [&hellip;]<\/p>\n","protected":false},"author":3,"featured_media":14768,"comment_status":"closed","ping_status":"closed","sticky":false,"template":"","format":"standard","meta":{"_monsterinsights_skip_tracking":false,"_monsterinsights_sitenote_active":false,"_monsterinsights_sitenote_note":"","_monsterinsights_sitenote_category":0,"footnotes":""},"categories":[2,23],"tags":[],"class_list":["post-14767","post","type-post","status-publish","format-standard","has-post-thumbnail","hentry","category-featured","category-sport"],"_links":{"self":[{"href":"https:\/\/www.lintelligentdabidjan.info\/news\/wp-json\/wp\/v2\/posts\/14767","targetHints":{"allow":["GET"]}}],"collection":[{"href":"https:\/\/www.lintelligentdabidjan.info\/news\/wp-json\/wp\/v2\/posts"}],"about":[{"href":"https:\/\/www.lintelligentdabidjan.info\/news\/wp-json\/wp\/v2\/types\/post"}],"author":[{"embeddable":true,"href":"https:\/\/www.lintelligentdabidjan.info\/news\/wp-json\/wp\/v2\/users\/3"}],"replies":[{"embeddable":true,"href":"https:\/\/www.lintelligentdabidjan.info\/news\/wp-json\/wp\/v2\/comments?post=14767"}],"version-history":[{"count":1,"href":"https:\/\/www.lintelligentdabidjan.info\/news\/wp-json\/wp\/v2\/posts\/14767\/revisions"}],"predecessor-version":[{"id":14769,"href":"https:\/\/www.lintelligentdabidjan.info\/news\/wp-json\/wp\/v2\/posts\/14767\/revisions\/14769"}],"wp:featuredmedia":[{"embeddable":true,"href":"https:\/\/www.lintelligentdabidjan.info\/news\/wp-json\/wp\/v2\/media\/14768"}],"wp:attachment":[{"href":"https:\/\/www.lintelligentdabidjan.info\/news\/wp-json\/wp\/v2\/media?parent=14767"}],"wp:term":[{"taxonomy":"category","embeddable":true,"href":"https:\/\/www.lintelligentdabidjan.info\/news\/wp-json\/wp\/v2\/categories?post=14767"},{"taxonomy":"post_tag","embeddable":true,"href":"https:\/\/www.lintelligentdabidjan.info\/news\/wp-json\/wp\/v2\/tags?post=14767"}],"curies":[{"name":"wp","href":"https:\/\/api.w.org\/{rel}","templated":true}]}}