{"id":14773,"date":"2019-07-03T22:58:54","date_gmt":"2019-07-03T20:58:54","guid":{"rendered":"https:\/\/www.lintelligentdabidjan.info\/news\/?p=14773"},"modified":"2019-07-03T23:08:49","modified_gmt":"2019-07-03T21:08:49","slug":"can-2019-danho-pour-coaching-des-elephants-plus-pertinent-par-kamara-loin-des-agitations-sur-les-reseaux-sociaux","status":"publish","type":"post","link":"https:\/\/www.lintelligentdabidjan.info\/news\/can-2019-danho-pour-coaching-des-elephants-plus-pertinent-par-kamara-loin-des-agitations-sur-les-reseaux-sociaux\/","title":{"rendered":"Can 2019 : Danho pour coaching des \u00c9l\u00e9phants plus pertinent par Kamara, loin des agitations sur les r\u00e9seaux sociaux"},"content":{"rendered":"<p><em><strong>Le  ministre des sports, Danho Paulin est \u00e0 Abidjan depuis le 2 juillet 2019 apr\u00e8s un s\u00e9jour au Caire en \u00c9gypte o\u00f9 il a suivi la progression  de la s\u00e9lection nationale de C\u00f4te d\u2019Ivoire  au Caire  dans la cadre de la 32eme \u00e9dition de la CAN 2019. Il sera de retour  en \u00c9gypte le samedi 6 juillet 2019 pour soutenir  la s\u00e9lection nationale, lors du match conte le Mali, lundi 8 juillet 2019. <\/strong><\/em><\/p>\n<p>\u00c0 son arriv\u00e9 \u00e0 Abidjan, Danho Paulin s\u2019est prononc\u00e9  sur la prestation des pachydermes et sur  son s\u00e9jour.  Il a lanc\u00e9 un message au s\u00e9lectionneur national Kamara Ibrahim.  <\/p>\n<p><em>\u00ab De mani\u00e8re g\u00e9n\u00e9rale, on peut dire que c\u2019est un bon parcours. Mais un parcours qui doit \u00eatre am\u00e9lior\u00e9, approfondi. Le fond de jeu doit \u00eatre renforc\u00e9, et le coaching doit \u00eatre beaucoup plus pertinent pour rassurer les ivoiriens . Nous devons les soutenir,  et nous devons \u00eatre exigeants avec le coaching pour qu\u2019il am\u00e9liore le style de jeu pour ne pas nous donner le \u2018\u2019goumin goumin\u2019\u2019. Nous devons esp\u00e9rer et continuer \u00e0 encourager cette \u00e9quipe \u00e0 aller le plus loin possible. Alors j\u2019invite nos concitoyens \u00e0 faire bloc autour de cette \u00e9quipe. Ne regardons pas les agitations sur les r\u00e9seaux sociaux, mais concentrons-nous sur l\u2019objectif : pousser notre \u00e9quipe \u00e0 aller \u00e0 la victoire \u00bb<\/em>.<\/p>\n<p><strong> AK<\/strong><\/p>\n","protected":false},"excerpt":{"rendered":"<p>Le ministre des sports, Danho Paulin est \u00e0 Abidjan depuis le 2 juillet 2019 apr\u00e8s un s\u00e9jour au Caire en \u00c9gypte o\u00f9 il a suivi la progression de la s\u00e9lection nationale de C\u00f4te d\u2019Ivoire au Caire dans la cadre de la 32eme \u00e9dition de la CAN 2019. Il sera de retour en \u00c9gypte le samedi [&hellip;]<\/p>\n","protected":false},"author":3,"featured_media":14776,"comment_status":"closed","ping_status":"closed","sticky":false,"template":"","format":"standard","meta":{"_monsterinsights_skip_tracking":false,"_monsterinsights_sitenote_active":false,"_monsterinsights_sitenote_note":"","_monsterinsights_sitenote_category":0,"footnotes":""},"categories":[2,23],"tags":[],"class_list":["post-14773","post","type-post","status-publish","format-standard","has-post-thumbnail","hentry","category-featured","category-sport"],"_links":{"self":[{"href":"https:\/\/www.lintelligentdabidjan.info\/news\/wp-json\/wp\/v2\/posts\/14773","targetHints":{"allow":["GET"]}}],"collection":[{"href":"https:\/\/www.lintelligentdabidjan.info\/news\/wp-json\/wp\/v2\/posts"}],"about":[{"href":"https:\/\/www.lintelligentdabidjan.info\/news\/wp-json\/wp\/v2\/types\/post"}],"author":[{"embeddable":true,"href":"https:\/\/www.lintelligentdabidjan.info\/news\/wp-json\/wp\/v2\/users\/3"}],"replies":[{"embeddable":true,"href":"https:\/\/www.lintelligentdabidjan.info\/news\/wp-json\/wp\/v2\/comments?post=14773"}],"version-history":[{"count":2,"href":"https:\/\/www.lintelligentdabidjan.info\/news\/wp-json\/wp\/v2\/posts\/14773\/revisions"}],"predecessor-version":[{"id":14775,"href":"https:\/\/www.lintelligentdabidjan.info\/news\/wp-json\/wp\/v2\/posts\/14773\/revisions\/14775"}],"wp:featuredmedia":[{"embeddable":true,"href":"https:\/\/www.lintelligentdabidjan.info\/news\/wp-json\/wp\/v2\/media\/14776"}],"wp:attachment":[{"href":"https:\/\/www.lintelligentdabidjan.info\/news\/wp-json\/wp\/v2\/media?parent=14773"}],"wp:term":[{"taxonomy":"category","embeddable":true,"href":"https:\/\/www.lintelligentdabidjan.info\/news\/wp-json\/wp\/v2\/categories?post=14773"},{"taxonomy":"post_tag","embeddable":true,"href":"https:\/\/www.lintelligentdabidjan.info\/news\/wp-json\/wp\/v2\/tags?post=14773"}],"curies":[{"name":"wp","href":"https:\/\/api.w.org\/{rel}","templated":true}]}}