{"id":14789,"date":"2019-07-04T22:35:27","date_gmt":"2019-07-04T20:35:27","guid":{"rendered":"https:\/\/www.lintelligentdabidjan.info\/news\/?p=14789"},"modified":"2019-07-04T23:04:07","modified_gmt":"2019-07-04T21:04:07","slug":"presidence-apf-soumahoro-elu-soro-doit-payer-3000-euros","status":"publish","type":"post","link":"https:\/\/www.lintelligentdabidjan.info\/news\/presidence-apf-soumahoro-elu-soro-doit-payer-3000-euros\/","title":{"rendered":"Pr\u00e9sidence Apf: Soumahoro \u00e9lu, Soro doit payer 3000 euros"},"content":{"rendered":"<p><em><strong>Le bureau de l\u2019Assembl\u00e9e parlementaire de la francophonie (APF) s\u2019est r\u00e9uni le jeudi 4 juillet 2019 au palais de l\u2019Assembl\u00e9e nationale de C\u00f4te d\u2019Ivoire \u00e0 Abidjan, sous la pr\u00e9sidence de Moustapha Niasse, Pr\u00e9sident du parlement s\u00e9n\u00e9galais, doyen d\u2019\u00e2ge de l\u2019APF.<\/strong><\/em><\/p>\n<p>Le bureau de l\u2019Assembl\u00e9e parlementaire de la francophonie (APF) s\u2019est r\u00e9uni le jeudi 4 juillet 2019 au palais de l\u2019Assembl\u00e9e nationale de C\u00f4te d\u2019Ivoire \u00e0 Abidjan, sous la pr\u00e9sidence de Moustapha Niasse, Pr\u00e9sident du parlement s\u00e9n\u00e9galais, doyen d\u2019\u00e2ge de l\u2019APF.<\/p>\n<p>Au cours de la r\u00e9union, selon une source proche de l\u2019Assembl\u00e9e nationale de C\u00f4te d\u2019Ivoire, le Pr\u00e9sident Niasse a demand\u00e9 s\u2019il y avait d\u2019autres candidatures en dehors de celle du Pr\u00e9sident de l\u2019Assembl\u00e9e nationale de C\u00f4te d\u2019Ivoire,  Amadou Soumahoro \u00e0 la pr\u00e9sidence de l\u2019institution .   Aucune autre candidature n\u2019ayant \u00e9t\u00e9 signal\u00e9e, Amadou Soumahoro a \u00e9t\u00e9 pl\u00e9biscit\u00e9 par ses pairs comme pr\u00e9sident de l\u2019APF. <\/p>\n<p>[ Soro d\u00e9bout\u00e9 et condamn\u00e9 \u00e0 payer 3000 euros ] <\/p>\n<p>L\u2019ex-Pr\u00e9sident de l\u2019Assembl\u00e9e nationale, Guillaume Soro avait port\u00e9 plainte en France contre l\u2019\u00c9tat de C\u00f4te d\u2019Ivoire pour  violation des textes de l\u2019APF. <\/p>\n<p>Il a \u00e9t\u00e9 d\u00e9bout\u00e9 par la justice et condamn\u00e9 \u00e0 payer 3000 euros pour frais de proc\u00e9dures. <\/p>\n<p>Guillaume Soro avait \u00e9galement saisi la justice ivoirienne pour la m\u00eame cause. Celle-ci s\u2019est d\u00e9clar\u00e9e incomp\u00e9tente . Son avocat a annonc\u00e9 la poursuite des proc\u00e9dures, malgr\u00e9 tout , pour faire respecter le droit.<\/p>\n<p>T.A.B <\/p>\n","protected":false},"excerpt":{"rendered":"<p>Le bureau de l\u2019Assembl\u00e9e parlementaire de la francophonie (APF) s\u2019est r\u00e9uni le jeudi 4 juillet 2019 au palais de l\u2019Assembl\u00e9e nationale de C\u00f4te d\u2019Ivoire \u00e0 Abidjan, sous la pr\u00e9sidence de Moustapha Niasse, Pr\u00e9sident du parlement s\u00e9n\u00e9galais, doyen d\u2019\u00e2ge de l\u2019APF. Le bureau de l\u2019Assembl\u00e9e parlementaire de la francophonie (APF) s\u2019est r\u00e9uni le jeudi 4 juillet [&hellip;]<\/p>\n","protected":false},"author":3,"featured_media":13745,"comment_status":"closed","ping_status":"closed","sticky":false,"template":"","format":"standard","meta":{"_monsterinsights_skip_tracking":false,"_monsterinsights_sitenote_active":false,"_monsterinsights_sitenote_note":"","_monsterinsights_sitenote_category":0,"footnotes":""},"categories":[2,1],"tags":[],"class_list":["post-14789","post","type-post","status-publish","format-standard","has-post-thumbnail","hentry","category-featured","category-actualites"],"_links":{"self":[{"href":"https:\/\/www.lintelligentdabidjan.info\/news\/wp-json\/wp\/v2\/posts\/14789","targetHints":{"allow":["GET"]}}],"collection":[{"href":"https:\/\/www.lintelligentdabidjan.info\/news\/wp-json\/wp\/v2\/posts"}],"about":[{"href":"https:\/\/www.lintelligentdabidjan.info\/news\/wp-json\/wp\/v2\/types\/post"}],"author":[{"embeddable":true,"href":"https:\/\/www.lintelligentdabidjan.info\/news\/wp-json\/wp\/v2\/users\/3"}],"replies":[{"embeddable":true,"href":"https:\/\/www.lintelligentdabidjan.info\/news\/wp-json\/wp\/v2\/comments?post=14789"}],"version-history":[{"count":2,"href":"https:\/\/www.lintelligentdabidjan.info\/news\/wp-json\/wp\/v2\/posts\/14789\/revisions"}],"predecessor-version":[{"id":14791,"href":"https:\/\/www.lintelligentdabidjan.info\/news\/wp-json\/wp\/v2\/posts\/14789\/revisions\/14791"}],"wp:featuredmedia":[{"embeddable":true,"href":"https:\/\/www.lintelligentdabidjan.info\/news\/wp-json\/wp\/v2\/media\/13745"}],"wp:attachment":[{"href":"https:\/\/www.lintelligentdabidjan.info\/news\/wp-json\/wp\/v2\/media?parent=14789"}],"wp:term":[{"taxonomy":"category","embeddable":true,"href":"https:\/\/www.lintelligentdabidjan.info\/news\/wp-json\/wp\/v2\/categories?post=14789"},{"taxonomy":"post_tag","embeddable":true,"href":"https:\/\/www.lintelligentdabidjan.info\/news\/wp-json\/wp\/v2\/tags?post=14789"}],"curies":[{"name":"wp","href":"https:\/\/api.w.org\/{rel}","templated":true}]}}