{"id":14939,"date":"2019-07-15T00:11:45","date_gmt":"2019-07-14T22:11:45","guid":{"rendered":"https:\/\/www.lintelligentdabidjan.info\/news\/?p=14939"},"modified":"2019-07-15T00:13:23","modified_gmt":"2019-07-14T22:13:23","slug":"incendie-a-abobo-belleville-la-ministre-mariatou-kone-apporte-son-soutien-aux-parents-des-victimes","status":"publish","type":"post","link":"https:\/\/www.lintelligentdabidjan.info\/news\/incendie-a-abobo-belleville-la-ministre-mariatou-kone-apporte-son-soutien-aux-parents-des-victimes\/","title":{"rendered":"Incendie \u00e0 Abobo Belleville: La Ministre Mariatou Kon\u00e9 apporte son soutien aux parents des victimes"},"content":{"rendered":"<p><em><strong>Un incendie s\u2019est d\u00e9clar\u00e9 dans la nuit du lundi 8 au mardi 9 juillet 2019 aux environs  de 2h du matin,  au quartier Belleville d\u2019Abobo faisant  deux morts. <\/strong><\/em><\/p>\n<p>Il s\u2019agit d\u2019un jeune homme et sa fillette de trois ans. L\u2019\u00e9pouse de ce dernier quant \u00e0 elle a eu plus de chance car  br\u00fbl\u00e9e \u00e0 plusieurs endroits mais sa vie est pour l\u2019instant hors de danger.<\/p>\n<p>Inform\u00e9e de ce drame, la Professeur Mariatou Kon\u00e9, Ministre en charge de la Solidarit\u00e9 a aussit\u00f4t d\u00e9p\u00each\u00e9 sur le lieu du sinistre, une \u00e9quipe conduite par Virginie Yapo, Directrice de la Solidarit\u00e9 aupr\u00e8s des familles Apia et Konan, dont les habitations ont \u00e9t\u00e9 ravag\u00e9es par les flammes.<br \/>\n \u00ab Madame la Ministre a appris le malheur qui vient de vous frapper. Elle partage votre douleur et votre peine. Elle nous envoie vous dire Yako \u00bb a expliqu\u00e9 la Directrice de la Solidarit\u00e9.<\/p>\n<p> Les parents des victimes, sensibles \u00e0 cette attention,  se sont dits r\u00e9confort\u00e9s  par  la  visite de la d\u00e9l\u00e9gation du minist\u00e8re de la solidarit\u00e9, de la coh\u00e9sion sociale et de la lutte contre la Pauvret\u00e9.<br \/>\n Une enqu\u00eate a \u00e9t\u00e9 ouverte par la police pour d\u00e9terminer les causes de cet   incendie.<\/p>\n<p><strong>T.A.B avec CSF (Sercom)<\/strong><\/p>\n","protected":false},"excerpt":{"rendered":"<p>Un incendie s\u2019est d\u00e9clar\u00e9 dans la nuit du lundi 8 au mardi 9 juillet 2019 aux environs de 2h du matin, au quartier Belleville d\u2019Abobo faisant deux morts. Il s\u2019agit d\u2019un jeune homme et sa fillette de trois ans. L\u2019\u00e9pouse de ce dernier quant \u00e0 elle a eu plus de chance car br\u00fbl\u00e9e \u00e0 plusieurs [&hellip;]<\/p>\n","protected":false},"author":3,"featured_media":14940,"comment_status":"closed","ping_status":"closed","sticky":false,"template":"","format":"standard","meta":{"_monsterinsights_skip_tracking":false,"_monsterinsights_sitenote_active":false,"_monsterinsights_sitenote_note":"","_monsterinsights_sitenote_category":0,"footnotes":""},"categories":[2,3],"tags":[],"class_list":["post-14939","post","type-post","status-publish","format-standard","has-post-thumbnail","hentry","category-featured","category-societe"],"_links":{"self":[{"href":"https:\/\/www.lintelligentdabidjan.info\/news\/wp-json\/wp\/v2\/posts\/14939","targetHints":{"allow":["GET"]}}],"collection":[{"href":"https:\/\/www.lintelligentdabidjan.info\/news\/wp-json\/wp\/v2\/posts"}],"about":[{"href":"https:\/\/www.lintelligentdabidjan.info\/news\/wp-json\/wp\/v2\/types\/post"}],"author":[{"embeddable":true,"href":"https:\/\/www.lintelligentdabidjan.info\/news\/wp-json\/wp\/v2\/users\/3"}],"replies":[{"embeddable":true,"href":"https:\/\/www.lintelligentdabidjan.info\/news\/wp-json\/wp\/v2\/comments?post=14939"}],"version-history":[{"count":1,"href":"https:\/\/www.lintelligentdabidjan.info\/news\/wp-json\/wp\/v2\/posts\/14939\/revisions"}],"predecessor-version":[{"id":14941,"href":"https:\/\/www.lintelligentdabidjan.info\/news\/wp-json\/wp\/v2\/posts\/14939\/revisions\/14941"}],"wp:featuredmedia":[{"embeddable":true,"href":"https:\/\/www.lintelligentdabidjan.info\/news\/wp-json\/wp\/v2\/media\/14940"}],"wp:attachment":[{"href":"https:\/\/www.lintelligentdabidjan.info\/news\/wp-json\/wp\/v2\/media?parent=14939"}],"wp:term":[{"taxonomy":"category","embeddable":true,"href":"https:\/\/www.lintelligentdabidjan.info\/news\/wp-json\/wp\/v2\/categories?post=14939"},{"taxonomy":"post_tag","embeddable":true,"href":"https:\/\/www.lintelligentdabidjan.info\/news\/wp-json\/wp\/v2\/tags?post=14939"}],"curies":[{"name":"wp","href":"https:\/\/api.w.org\/{rel}","templated":true}]}}