{"id":14949,"date":"2019-07-16T01:09:51","date_gmt":"2019-07-15T23:09:51","guid":{"rendered":"https:\/\/www.lintelligentdabidjan.info\/news\/?p=14949"},"modified":"2019-07-16T01:18:40","modified_gmt":"2019-07-15T23:18:40","slug":"festival-en-hommage-a-joelle-cle-kita-au-coeur-des-festivites","status":"publish","type":"post","link":"https:\/\/www.lintelligentdabidjan.info\/news\/festival-en-hommage-a-joelle-cle-kita-au-coeur-des-festivites\/","title":{"rendered":"Festival en hommage \u00e0 Jo\u00eblle C:Le Kita au c\u0153ur des festivit\u00e9s"},"content":{"rendered":"<p>La  4\u00e8me \u00e9dition du festival d\u2019hommage \u00e0 Jo\u00eblle C, a \u00e9t\u00e9 organis\u00e9e le samedi 13 juillet 2019, \u00e0 l&#8217;espace plein-air d&#8217;Adzop\u00e9 par la  &#8221;Fondation Shelina Amour&#8221; sur le th\u00e8me \u2018\u2019 le Kita\u2019\u2019.<\/p>\n<p>Selon l\u2019artiste-chanteuse, Shelina Amour, fondatrice de la structure,   ce pagne tiss\u00e9 de fa\u00e7on multicolore est une incitation \u00e0 la coh\u00e9sion, \u00e0 la r\u00e9conciliation et le vivre ensemble du peuple Atti\u00e9. \u00ab Le th\u00e8me de cette ann\u00e9e est &#8221;Le Kita&#8221; qui est compos\u00e9 de plusieurs pagnes qu&#8217;on appelle le &#8221; N&#8217;zassa &#8221;. Donc,  le th\u00e8me exprime la r\u00e9conciliation, la paix et l&#8217;amour. Pour ces deux jours de festivit\u00e9s, je voudrais qu&#8217;en pays Atti\u00e9, les gens se r\u00e9concilient. C&#8217;est tr\u00e8s important comme on le dit,  l&#8217;union fait la force. C&#8217;est pourquoi, j&#8217;ai choisi le th\u00e8me &#8221; Kita &#8221;, qui, en pays Akan,  est un pagne qui a une tr\u00e8s grande valeur.  Un pagne qui est compos\u00e9 de plusieurs pagnes \u00e0 la fois qui veut dire que nous devons nous r\u00e9concilier\u00bb, a-t-elle dit. <\/p>\n<p>Au cours de cette c\u00e9r\u00e9monie,    des concerts ont eu lieu   en la m\u00e9moire de la d\u00e9funte artiste. \u00ab En la m\u00e9moire de Jo\u00eblle C.  nous avons organis\u00e9 un  concert sur son dernier album le &#8221; Kita &#8221;. Vous avez remarqu\u00e9 l&#8217;habillement des danseurs, des animateurs etc. Juste pour vous dire qu&#8217;en pays Atti\u00e9, nous devons \u00eatre unis\u00bb. En outre, elle a indiqu\u00e9 que sa fondation cr\u00e9\u00e9e depuis le  4 juin 2015,  vient en aide aux veuves, aux orphelins, aux enfants des artistes d\u00e9c\u00e9d\u00e9s et aux enfants d\u00e9munis.<br \/>\nCette c\u00e9r\u00e9monie a vu la prestation de plusieurs artistes dont Shelina Amour, Alain de Mari,  du doyen de la musique Atti\u00e9, \u00c9mile Yapo et des artistes locaux tels que &#8221;Le groupe N&#8217;zrama&#8221;,  \u2018\u2019L&#8217; Adomicile &#8221; des femmes de Bi\u00e9bi et biens d&#8217;autres artistes.<br \/>\nJo\u00eblle C est d\u00e9c\u00e9d\u00e9e le 14 f\u00e9vrier 2008.<\/p>\n<p><strong>MO avec AT<\/strong><\/p>\n","protected":false},"excerpt":{"rendered":"<p>La 4\u00e8me \u00e9dition du festival d\u2019hommage \u00e0 Jo\u00eblle C, a \u00e9t\u00e9 organis\u00e9e le samedi 13 juillet 2019, \u00e0 l&#8217;espace plein-air d&#8217;Adzop\u00e9 par la &#8221;Fondation Shelina Amour&#8221; sur le th\u00e8me \u2018\u2019 le Kita\u2019\u2019. Selon l\u2019artiste-chanteuse, Shelina Amour, fondatrice de la structure, ce pagne tiss\u00e9 de fa\u00e7on multicolore est une incitation \u00e0 la coh\u00e9sion, \u00e0 la r\u00e9conciliation [&hellip;]<\/p>\n","protected":false},"author":3,"featured_media":14952,"comment_status":"closed","ping_status":"closed","sticky":false,"template":"","format":"standard","meta":{"_monsterinsights_skip_tracking":false,"_monsterinsights_sitenote_active":false,"_monsterinsights_sitenote_note":"","_monsterinsights_sitenote_category":0,"footnotes":""},"categories":[2,20],"tags":[],"class_list":["post-14949","post","type-post","status-publish","format-standard","has-post-thumbnail","hentry","category-featured","category-art-et-culture"],"_links":{"self":[{"href":"https:\/\/www.lintelligentdabidjan.info\/news\/wp-json\/wp\/v2\/posts\/14949","targetHints":{"allow":["GET"]}}],"collection":[{"href":"https:\/\/www.lintelligentdabidjan.info\/news\/wp-json\/wp\/v2\/posts"}],"about":[{"href":"https:\/\/www.lintelligentdabidjan.info\/news\/wp-json\/wp\/v2\/types\/post"}],"author":[{"embeddable":true,"href":"https:\/\/www.lintelligentdabidjan.info\/news\/wp-json\/wp\/v2\/users\/3"}],"replies":[{"embeddable":true,"href":"https:\/\/www.lintelligentdabidjan.info\/news\/wp-json\/wp\/v2\/comments?post=14949"}],"version-history":[{"count":1,"href":"https:\/\/www.lintelligentdabidjan.info\/news\/wp-json\/wp\/v2\/posts\/14949\/revisions"}],"predecessor-version":[{"id":14950,"href":"https:\/\/www.lintelligentdabidjan.info\/news\/wp-json\/wp\/v2\/posts\/14949\/revisions\/14950"}],"wp:featuredmedia":[{"embeddable":true,"href":"https:\/\/www.lintelligentdabidjan.info\/news\/wp-json\/wp\/v2\/media\/14952"}],"wp:attachment":[{"href":"https:\/\/www.lintelligentdabidjan.info\/news\/wp-json\/wp\/v2\/media?parent=14949"}],"wp:term":[{"taxonomy":"category","embeddable":true,"href":"https:\/\/www.lintelligentdabidjan.info\/news\/wp-json\/wp\/v2\/categories?post=14949"},{"taxonomy":"post_tag","embeddable":true,"href":"https:\/\/www.lintelligentdabidjan.info\/news\/wp-json\/wp\/v2\/tags?post=14949"}],"curies":[{"name":"wp","href":"https:\/\/api.w.org\/{rel}","templated":true}]}}