{"id":15021,"date":"2019-07-20T22:09:22","date_gmt":"2019-07-20T20:09:22","guid":{"rendered":"https:\/\/www.lintelligentdabidjan.info\/news\/?p=15021"},"modified":"2019-07-21T01:11:17","modified_gmt":"2019-07-20T23:11:17","slug":"10eme-congres-unjci-quitus-a-moussa-traore-ce-que-ahoussou-a-dit","status":"publish","type":"post","link":"https:\/\/www.lintelligentdabidjan.info\/news\/10eme-congres-unjci-quitus-a-moussa-traore-ce-que-ahoussou-a-dit\/","title":{"rendered":"10\u00e8me congr\u00e8s Unjci : quitus \u00e0 Moussa Traor\u00e9, ce que Ahoussou a dit"},"content":{"rendered":"<p><em><strong>Le 10e congr\u00e8s ordinaire de l&#8217;Union nationale des journalistes de C\u00f4te  d&#8217;Ivoire (Unjci) a ouvert ses portes le samedi 20 juillet 2019 \u00e0 l&#8217;auditorium du minist\u00e8re des Affaires \u00e9trang\u00e8res \u00e0 Abidjan-Plateau.<\/strong><\/em><\/p>\n<p>&#8220;Le journaliste ivoirien  face \u00e0 ses responsabilit\u00e9s&#8221;, est le th\u00e8me du congr\u00e8s ouvert par Mme Diaby Makani, vice-pr\u00e9sidente du S\u00e9nat repr\u00e9sentant Jeannot Ahoussou-Kouadio . Elle  a dit que l&#8217;enjeu de ce Congr\u00e8s r\u00e9side dans la  responsabilit\u00e9 individuelle et collective des journalistes. Elle a soulign\u00e9 l&#8217;engagement du pr\u00e9sident Ahoussou aux c\u00f4t\u00e9s des journalistes. <\/p>\n<p>Agn\u00e8s Kraidy, conseill\u00e8re technique  du minist\u00e8re de la Communication et des M\u00e9dias repr\u00e9sentant le ministre de tutelle Sidi Tour\u00e9  a souhait\u00e9 bons travaux et que la victoire du nouveau  pr\u00e9sident de l&#8217;Unjci  soit la victoire de tous. <\/p>\n<p>Moussa Traor\u00e9, pr\u00e9sident de l&#8217;Unjci, a dress\u00e9 un bilan positif de son mandat. Le pr\u00e9sident sortant a r\u00e9v\u00e9l\u00e9 qu&#8217;il laisse un carnet d&#8217;adresses important \u00e0 son successeur. Il a soulign\u00e9 que l&#8217;Unjci est \u00e0 jour des ses cotisations dans toutes les organisations internationales. <\/p>\n<p>C\u00e9sar Etou, journaliste \u00e0 la Voie originale a \u00e9t\u00e9 d\u00e9sign\u00e9 en qualit\u00e9 de pr\u00e9sident du Congr\u00e8s, qui a mis en place trois commissions(Politique g\u00e9n\u00e9rale,  Statuts et R\u00e8glement int\u00e9rieur et Structures autonomes ).<br \/>\nApr\u00e8s la lecture des rapports et des d\u00e9bats, les congressistes ont accord\u00e9 le quitus au Conseil ex\u00e9cutif sortant, ainsi qu\u2019au Conseil d\u2019administration. Les travaux se poursuivent dimanche 21 juillet 2019, par la synth\u00e8se et l\u2019adoption des travaux en commission, suivies de l\u2019\u00e9lection du nouveau pr\u00e9sident de l\u2019Union. <\/p>\n<p><strong> M.Ouattara<\/strong><\/p>\n","protected":false},"excerpt":{"rendered":"<p>Le 10e congr\u00e8s ordinaire de l&#8217;Union nationale des journalistes de C\u00f4te d&#8217;Ivoire (Unjci) a ouvert ses portes le samedi 20 juillet 2019 \u00e0 l&#8217;auditorium du minist\u00e8re des Affaires \u00e9trang\u00e8res \u00e0 Abidjan-Plateau. &#8220;Le journaliste ivoirien face \u00e0 ses responsabilit\u00e9s&#8221;, est le th\u00e8me du congr\u00e8s ouvert par Mme Diaby Makani, vice-pr\u00e9sidente du S\u00e9nat repr\u00e9sentant Jeannot Ahoussou-Kouadio . [&hellip;]<\/p>\n","protected":false},"author":3,"featured_media":15025,"comment_status":"closed","ping_status":"closed","sticky":false,"template":"","format":"standard","meta":{"_monsterinsights_skip_tracking":false,"_monsterinsights_sitenote_active":false,"_monsterinsights_sitenote_note":"","_monsterinsights_sitenote_category":0,"footnotes":""},"categories":[2,3],"tags":[],"class_list":["post-15021","post","type-post","status-publish","format-standard","has-post-thumbnail","hentry","category-featured","category-societe"],"_links":{"self":[{"href":"https:\/\/www.lintelligentdabidjan.info\/news\/wp-json\/wp\/v2\/posts\/15021","targetHints":{"allow":["GET"]}}],"collection":[{"href":"https:\/\/www.lintelligentdabidjan.info\/news\/wp-json\/wp\/v2\/posts"}],"about":[{"href":"https:\/\/www.lintelligentdabidjan.info\/news\/wp-json\/wp\/v2\/types\/post"}],"author":[{"embeddable":true,"href":"https:\/\/www.lintelligentdabidjan.info\/news\/wp-json\/wp\/v2\/users\/3"}],"replies":[{"embeddable":true,"href":"https:\/\/www.lintelligentdabidjan.info\/news\/wp-json\/wp\/v2\/comments?post=15021"}],"version-history":[{"count":1,"href":"https:\/\/www.lintelligentdabidjan.info\/news\/wp-json\/wp\/v2\/posts\/15021\/revisions"}],"predecessor-version":[{"id":15022,"href":"https:\/\/www.lintelligentdabidjan.info\/news\/wp-json\/wp\/v2\/posts\/15021\/revisions\/15022"}],"wp:featuredmedia":[{"embeddable":true,"href":"https:\/\/www.lintelligentdabidjan.info\/news\/wp-json\/wp\/v2\/media\/15025"}],"wp:attachment":[{"href":"https:\/\/www.lintelligentdabidjan.info\/news\/wp-json\/wp\/v2\/media?parent=15021"}],"wp:term":[{"taxonomy":"category","embeddable":true,"href":"https:\/\/www.lintelligentdabidjan.info\/news\/wp-json\/wp\/v2\/categories?post=15021"},{"taxonomy":"post_tag","embeddable":true,"href":"https:\/\/www.lintelligentdabidjan.info\/news\/wp-json\/wp\/v2\/tags?post=15021"}],"curies":[{"name":"wp","href":"https:\/\/api.w.org\/{rel}","templated":true}]}}