{"id":15035,"date":"2019-07-23T01:19:42","date_gmt":"2019-07-22T23:19:42","guid":{"rendered":"https:\/\/www.lintelligentdabidjan.info\/news\/?p=15035"},"modified":"2019-07-23T01:26:17","modified_gmt":"2019-07-22T23:26:17","slug":"ministre-de-leconomie-et-des-finances-adama-kone-15-du-budget-national-au-financement-de-la-sante","status":"publish","type":"post","link":"https:\/\/www.lintelligentdabidjan.info\/news\/ministre-de-leconomie-et-des-finances-adama-kone-15-du-budget-national-au-financement-de-la-sante\/","title":{"rendered":"Ministre de l\u2019\u00c9conomie et des Finances &#8211; Adama Kon\u00e9  :\u201c15% du budget national au financement de la sant\u00e9\u201d"},"content":{"rendered":"<p><em><strong>Le jeudi 18 juillet 2019 \u00e0 Abidjan-Plateau, repr\u00e9sentant le Premier ministre, le ministre de l\u2019\u00c9conomie et des Finances, Adama Kon\u00e9, a fait le lancement officiel de la Plateforme nationale de coordination du financement de la sant\u00e9 (Pncfs).<\/strong><\/em><\/p>\n<p>Adama Kon\u00e9 a dit que depuis 2012, la vision du gouvernement ivoirien en mati\u00e8re de sant\u00e9, est celle de la construction d\u2019un syst\u00e8me de sant\u00e9 performant, int\u00e9gr\u00e9, responsable et efficient, garantissant un \u00e9tat de sant\u00e9 optimal \u00e0 toutes les populations vivantes en C\u00f4te d\u2019 Ivoire et aux personnes les plus vuln\u00e9rables.<br \/>\nSelon le ministre de l\u2019\u00c9conomie, la plateforme plac\u00e9e sous l\u2019autorit\u00e9 du Premier ministre, constituera une instance d\u2019aide \u00e0 une meilleure coordination des financements tant externes qu\u2019internes du secteur sant\u00e9. Elle sera un outil privil\u00e9gi\u00e9 pour renforcer le syst\u00e8me de sant\u00e9 et nous permettre de r\u00e9aliser le volet sant\u00e9 du programme social du gouvernement.<\/p>\n<p>\u00ab Il s\u2019agit d\u2019acc\u00e9l\u00e9rer l\u2019am\u00e9lioration dudit  secteur \u00e0 travers la mise en \u0153uvre de la couverture maladie universelle (Cmu), le renforcement de la gratuit\u00e9 cibl\u00e9e et le programme \u00e9largi de vaccination. En mettant en place cette plateforme, le gouvernement confirme sa forte volont\u00e9 de redynamiser le syst\u00e8me de sant\u00e9 en vue de garantir le bien-\u00eatre de ses populations (&#8230;) Le gouvernement tiendra cet engagement qui nous permettra d\u2019amorcer la tendance vers l\u2019atteinte de l\u2019objectif fix\u00e9 par les chefs d\u2019\u00c9tats africains, celui d\u2019allouer 15% du budget national au financement de la sant\u00e9 \u00bb, a dit le ministre Adama Kon\u00e9.<\/p>\n<p>Albert Flind\u00e9 conseiller sp\u00e9cial du Premier ministre  et Point focal Global financing facility ( Gff) a dit  : \u00ab  La cr\u00e9ation de cette plateforme est un outil pour mobiliser les ressources,  pour assurer l\u2019alignement de ses ressources et des priorit\u00e9s nationales , et  pour promouvoir des pratiques des gestions efficaces pour faire  passer  les indicateurs de sant\u00e9 et satisfaire les attentes des populations \u00bb.<br \/>\nLe ministre  de la Sant\u00e9 et de l\u2019Hygi\u00e8ne publique, Aka Aouel\u00e9 a indiqu\u00e9 : \u00ab D\u00e9sormais nous avons un document pour la sant\u00e9. Nous respecterons l\u2019engagement pris par le Premier ministre. Il y a un besoin de mettre ensemble les partenaires de sant\u00e9. Nous devons avoir un dialogue inclusif avec la soci\u00e9t\u00e9 civile et un dialogue national sur le financement de la sant\u00e9. L\u2019\u00c9tat a mis cette plateforme en place pour redynamiser le syst\u00e8me de sant\u00e9 en C\u00f4te d\u2019Ivoire. Nous devons sensibiliser, am\u00e9liorer et accro\u00eetre le syst\u00e8me pour assurer le survie\u00bb.Selon Jean-Marie Yam\u00e9ogo, repr\u00e9sentant l\u2019Organisation mondiale de la sant\u00e9 (Oms),  les partenaires se r\u00e9jouissent parce que d\u00e9sormais, il y\u2019a un dossier d\u2019investissement qui va guider dans les qualifications futures de ce qui est du programme de d\u00e9veloppement du secteur de la sant\u00e9 \u00bb. La plateforme compte 32 membres.<br \/>\n<strong><br \/>\nOD avec RK<\/strong><\/p>\n","protected":false},"excerpt":{"rendered":"<p>Le jeudi 18 juillet 2019 \u00e0 Abidjan-Plateau, repr\u00e9sentant le Premier ministre, le ministre de l\u2019\u00c9conomie et des Finances, Adama Kon\u00e9, a fait le lancement officiel de la Plateforme nationale de coordination du financement de la sant\u00e9 (Pncfs). Adama Kon\u00e9 a dit que depuis 2012, la vision du gouvernement ivoirien en mati\u00e8re de sant\u00e9, est celle [&hellip;]<\/p>\n","protected":false},"author":3,"featured_media":15037,"comment_status":"closed","ping_status":"closed","sticky":false,"template":"","format":"standard","meta":{"_monsterinsights_skip_tracking":false,"_monsterinsights_sitenote_active":false,"_monsterinsights_sitenote_note":"","_monsterinsights_sitenote_category":0,"footnotes":""},"categories":[2,18],"tags":[],"class_list":["post-15035","post","type-post","status-publish","format-standard","has-post-thumbnail","hentry","category-featured","category-economie"],"_links":{"self":[{"href":"https:\/\/www.lintelligentdabidjan.info\/news\/wp-json\/wp\/v2\/posts\/15035","targetHints":{"allow":["GET"]}}],"collection":[{"href":"https:\/\/www.lintelligentdabidjan.info\/news\/wp-json\/wp\/v2\/posts"}],"about":[{"href":"https:\/\/www.lintelligentdabidjan.info\/news\/wp-json\/wp\/v2\/types\/post"}],"author":[{"embeddable":true,"href":"https:\/\/www.lintelligentdabidjan.info\/news\/wp-json\/wp\/v2\/users\/3"}],"replies":[{"embeddable":true,"href":"https:\/\/www.lintelligentdabidjan.info\/news\/wp-json\/wp\/v2\/comments?post=15035"}],"version-history":[{"count":1,"href":"https:\/\/www.lintelligentdabidjan.info\/news\/wp-json\/wp\/v2\/posts\/15035\/revisions"}],"predecessor-version":[{"id":15036,"href":"https:\/\/www.lintelligentdabidjan.info\/news\/wp-json\/wp\/v2\/posts\/15035\/revisions\/15036"}],"wp:featuredmedia":[{"embeddable":true,"href":"https:\/\/www.lintelligentdabidjan.info\/news\/wp-json\/wp\/v2\/media\/15037"}],"wp:attachment":[{"href":"https:\/\/www.lintelligentdabidjan.info\/news\/wp-json\/wp\/v2\/media?parent=15035"}],"wp:term":[{"taxonomy":"category","embeddable":true,"href":"https:\/\/www.lintelligentdabidjan.info\/news\/wp-json\/wp\/v2\/categories?post=15035"},{"taxonomy":"post_tag","embeddable":true,"href":"https:\/\/www.lintelligentdabidjan.info\/news\/wp-json\/wp\/v2\/tags?post=15035"}],"curies":[{"name":"wp","href":"https:\/\/api.w.org\/{rel}","templated":true}]}}