{"id":15045,"date":"2019-07-23T20:03:28","date_gmt":"2019-07-23T18:03:28","guid":{"rendered":"https:\/\/www.lintelligentdabidjan.info\/news\/?p=15045"},"modified":"2019-07-23T20:04:13","modified_gmt":"2019-07-23T18:04:13","slug":"leadership-feminin-amadou-gon-coulibaly-salue-lengagement-de-ses-filleules-au-service-de-la-collectivite","status":"publish","type":"post","link":"https:\/\/www.lintelligentdabidjan.info\/news\/leadership-feminin-amadou-gon-coulibaly-salue-lengagement-de-ses-filleules-au-service-de-la-collectivite\/","title":{"rendered":"Leadership f\u00e9minin : Amadou Gon Coulibaly, salue l\u2019engagement de ses filleules au service de la collectivit\u00e9"},"content":{"rendered":"<p><em><strong>Abidjan, le 23 juillet 2019 &#8211; Recevant les laur\u00e9ates du Programme de formation et de mentorat pour les jeunes filles d\u00e9nomm\u00e9 &#8220;African Women of the Future&#8221; (AWF), le 23 juillet 2019 \u00e0 Abidjan, le Premier Ministre ivoirien, Amadou Gon Coulibaly, par ailleurs parrain dudit programme, a salu\u00e9 l\u2019engagement de ses filleules pour des projets qui impactent leurs communaut\u00e9s.<\/strong><\/em><\/p>\n<p><em>\u00ab Ce que je retiens de vos activit\u00e9s diversifi\u00e9es, c\u2019est que vous travaillez pour les autres. Car chacun de vos projets vise \u00e0 r\u00e9gler des pr\u00e9occupations pr\u00e9alablement identifi\u00e9s dans la soci\u00e9t\u00e9. Ce sont, entre autres, des th\u00e9matiques d\u2019\u00e9ducation, de nutrition, d\u2019environnement, d\u2019entreprenariat, d\u2019\u00e9conomie num\u00e9rique, etc. Tous ces projets sont guid\u00e9s par le seul objectif de contribuer au bien-\u00eatre de votre communaut\u00e9 \u00bb<\/em>, a dit Amadou Gon Coulibaly.<\/p>\n<p>Pour le parrain de &#8220;AWF&#8221;, r\u00e9ussir professionnellement est une bonne chose, mais r\u00e9ussir en apportant quelque chose \u00e0 la soci\u00e9t\u00e9, en vue d\u2019att\u00e9nuer les souffrances des autres, est d\u2019une grande noblesse. C\u2019est pourquoi il les a exhort\u00e9s \u00e0 une conscience civique forte et \u00e0 l\u2019excellence dans le travail.<\/p>\n<p>Parlant du leadership f\u00e9minin, dont tout le monde a pris conscience aujourd\u2019hui, Amadou Gon Coulibaly a \u00e9galement relev\u00e9 que les pays en d\u00e9veloppement ont de plus en plus besoin de l\u2019apport des femmes pour apporter une plus-value \u00e0 la soci\u00e9t\u00e9.<\/p>\n<p>Dans un contexte de programme du gouvernement orient\u00e9 sur le social, le Premier Ministre s\u2019est engag\u00e9 \u00e0 accompagner certains projets \u00e0 fort potentiel social.<\/p>\n<p>Selon Sephora Kodjo Kouassi, pr\u00e9sidente de l\u2019association Sephis, le Programme &#8220;AWF&#8221; vise \u00e0 promouvoir le leadership f\u00e9minin, l\u2019autonomisation de la femme et un plus grand acc\u00e8s des femmes aux instances de d\u00e9cision.<\/p>\n<p><strong>Source : Direction de la Communication de la Primature<\/strong><\/p>\n","protected":false},"excerpt":{"rendered":"<p>Abidjan, le 23 juillet 2019 &#8211; Recevant les laur\u00e9ates du Programme de formation et de mentorat pour les jeunes filles d\u00e9nomm\u00e9 &#8220;African Women of the Future&#8221; (AWF), le 23 juillet 2019 \u00e0 Abidjan, le Premier Ministre ivoirien, Amadou Gon Coulibaly, par ailleurs parrain dudit programme, a salu\u00e9 l\u2019engagement de ses filleules pour des projets qui [&hellip;]<\/p>\n","protected":false},"author":3,"featured_media":15047,"comment_status":"closed","ping_status":"closed","sticky":false,"template":"","format":"standard","meta":{"_monsterinsights_skip_tracking":false,"_monsterinsights_sitenote_active":false,"_monsterinsights_sitenote_note":"","_monsterinsights_sitenote_category":0,"footnotes":""},"categories":[2,3],"tags":[],"class_list":["post-15045","post","type-post","status-publish","format-standard","has-post-thumbnail","hentry","category-featured","category-societe"],"_links":{"self":[{"href":"https:\/\/www.lintelligentdabidjan.info\/news\/wp-json\/wp\/v2\/posts\/15045","targetHints":{"allow":["GET"]}}],"collection":[{"href":"https:\/\/www.lintelligentdabidjan.info\/news\/wp-json\/wp\/v2\/posts"}],"about":[{"href":"https:\/\/www.lintelligentdabidjan.info\/news\/wp-json\/wp\/v2\/types\/post"}],"author":[{"embeddable":true,"href":"https:\/\/www.lintelligentdabidjan.info\/news\/wp-json\/wp\/v2\/users\/3"}],"replies":[{"embeddable":true,"href":"https:\/\/www.lintelligentdabidjan.info\/news\/wp-json\/wp\/v2\/comments?post=15045"}],"version-history":[{"count":2,"href":"https:\/\/www.lintelligentdabidjan.info\/news\/wp-json\/wp\/v2\/posts\/15045\/revisions"}],"predecessor-version":[{"id":15048,"href":"https:\/\/www.lintelligentdabidjan.info\/news\/wp-json\/wp\/v2\/posts\/15045\/revisions\/15048"}],"wp:featuredmedia":[{"embeddable":true,"href":"https:\/\/www.lintelligentdabidjan.info\/news\/wp-json\/wp\/v2\/media\/15047"}],"wp:attachment":[{"href":"https:\/\/www.lintelligentdabidjan.info\/news\/wp-json\/wp\/v2\/media?parent=15045"}],"wp:term":[{"taxonomy":"category","embeddable":true,"href":"https:\/\/www.lintelligentdabidjan.info\/news\/wp-json\/wp\/v2\/categories?post=15045"},{"taxonomy":"post_tag","embeddable":true,"href":"https:\/\/www.lintelligentdabidjan.info\/news\/wp-json\/wp\/v2\/tags?post=15045"}],"curies":[{"name":"wp","href":"https:\/\/api.w.org\/{rel}","templated":true}]}}