{"id":15061,"date":"2019-07-25T00:49:54","date_gmt":"2019-07-24T22:49:54","guid":{"rendered":"https:\/\/www.lintelligentdabidjan.info\/news\/?p=15061"},"modified":"2019-07-25T00:54:59","modified_gmt":"2019-07-24T22:54:59","slug":"rhdp-nous-allons-a-la-can-politique-en-2020-pour-remporter-des-le-1er-tour-bictogo","status":"publish","type":"post","link":"https:\/\/www.lintelligentdabidjan.info\/news\/rhdp-nous-allons-a-la-can-politique-en-2020-pour-remporter-des-le-1er-tour-bictogo\/","title":{"rendered":"Rhdp: nous allons \u00e0 la Can politique en 2020 pour remporter d\u00e8s le 1er tour (Bictogo)"},"content":{"rendered":"<p><em><strong>Le mercredi 24 juillet 2019, \u00e0 l&#8217;occasion de la premi\u00e8re r\u00e9union de la Direction ex\u00e9cutive du Rhdp au si\u00e8ge du parti au II-Plateau Vallons, Adama Bictogo, Directeur ex\u00e9cutif du Rhdp, a annonc\u00e9 que la formation politique ira \u00e0 la pr\u00e9sidentielle de 2020 pour la remporter d\u00e8s le premier tour. <\/strong><\/em><\/p>\n<p><em>\u00ab Je vous  dis qu&#8217;au Rhdp, avec le personnel politique que nous avons, avec la qualit\u00e9 des gens que nous avons, nous n&#8217;avons pas peur de 2020. Nous irons \u00e0 ces \u00e9ch\u00e9ances. Je le redis, 2020, c\u2019est la Can (Coupe d\u2019Afrique des nations. Ndlr) politique du Rhdp. Nous allons \u00e0 cette Can politique 2020 pour remporter le troph\u00e9e, d\u00e8s le premier tour\u00bb<\/em>, a-t-il lanc\u00e9, lors de la conf\u00e9rence de presse qui a sanctionn\u00e9 la fin de la rencontre. Rencontre \u00e0 laquelle ont  pris part  la quasi-totalit\u00e9 des 38 membres de de la direction ex\u00e9cutive. <\/p>\n<p>Adama Bictogo a indiqu\u00e9 que la rencontre avait pour but l\u2019\u00e9tablissement du calendrier pour l&#8217;installation des coordinations locales du parti \u00e0 travers le pays. \u00ab Nous d\u00e9marrons la mobilisation lundi prochain (29 juillet 2019. Ndlr) et nous ne nous arr\u00eaterons plus jusqu\u2019en 2020 >>. <\/p>\n","protected":false},"excerpt":{"rendered":"<p>Le mercredi 24 juillet 2019, \u00e0 l&#8217;occasion de la premi\u00e8re r\u00e9union de la Direction ex\u00e9cutive du Rhdp au si\u00e8ge du parti au II-Plateau Vallons, Adama Bictogo, Directeur ex\u00e9cutif du Rhdp, a annonc\u00e9 que la formation politique ira \u00e0 la pr\u00e9sidentielle de 2020 pour la remporter d\u00e8s le premier tour. \u00ab Je vous dis qu&#8217;au Rhdp, [&hellip;]<\/p>\n","protected":false},"author":3,"featured_media":15063,"comment_status":"closed","ping_status":"closed","sticky":false,"template":"","format":"standard","meta":{"_monsterinsights_skip_tracking":false,"_monsterinsights_sitenote_active":false,"_monsterinsights_sitenote_note":"","_monsterinsights_sitenote_category":0,"footnotes":""},"categories":[2,17],"tags":[],"class_list":["post-15061","post","type-post","status-publish","format-standard","has-post-thumbnail","hentry","category-featured","category-politique"],"_links":{"self":[{"href":"https:\/\/www.lintelligentdabidjan.info\/news\/wp-json\/wp\/v2\/posts\/15061","targetHints":{"allow":["GET"]}}],"collection":[{"href":"https:\/\/www.lintelligentdabidjan.info\/news\/wp-json\/wp\/v2\/posts"}],"about":[{"href":"https:\/\/www.lintelligentdabidjan.info\/news\/wp-json\/wp\/v2\/types\/post"}],"author":[{"embeddable":true,"href":"https:\/\/www.lintelligentdabidjan.info\/news\/wp-json\/wp\/v2\/users\/3"}],"replies":[{"embeddable":true,"href":"https:\/\/www.lintelligentdabidjan.info\/news\/wp-json\/wp\/v2\/comments?post=15061"}],"version-history":[{"count":1,"href":"https:\/\/www.lintelligentdabidjan.info\/news\/wp-json\/wp\/v2\/posts\/15061\/revisions"}],"predecessor-version":[{"id":15062,"href":"https:\/\/www.lintelligentdabidjan.info\/news\/wp-json\/wp\/v2\/posts\/15061\/revisions\/15062"}],"wp:featuredmedia":[{"embeddable":true,"href":"https:\/\/www.lintelligentdabidjan.info\/news\/wp-json\/wp\/v2\/media\/15063"}],"wp:attachment":[{"href":"https:\/\/www.lintelligentdabidjan.info\/news\/wp-json\/wp\/v2\/media?parent=15061"}],"wp:term":[{"taxonomy":"category","embeddable":true,"href":"https:\/\/www.lintelligentdabidjan.info\/news\/wp-json\/wp\/v2\/categories?post=15061"},{"taxonomy":"post_tag","embeddable":true,"href":"https:\/\/www.lintelligentdabidjan.info\/news\/wp-json\/wp\/v2\/tags?post=15061"}],"curies":[{"name":"wp","href":"https:\/\/api.w.org\/{rel}","templated":true}]}}