{"id":15066,"date":"2019-07-25T01:04:10","date_gmt":"2019-07-24T23:04:10","guid":{"rendered":"https:\/\/www.lintelligentdabidjan.info\/news\/?p=15066"},"modified":"2019-07-25T02:09:36","modified_gmt":"2019-07-25T00:09:36","slug":"duel-en-libye-marechal-khalifa-haftar-fayez-al-sarraj","status":"publish","type":"post","link":"https:\/\/www.lintelligentdabidjan.info\/news\/duel-en-libye-marechal-khalifa-haftar-fayez-al-sarraj\/","title":{"rendered":"Duel en Libye : Mar\u00e9chal Khalifa Haftar-Fayez al-Sarraj"},"content":{"rendered":"<p><em><strong>Le proc\u00e8s fait \u00e0 Emmanuel Macron<\/strong><\/em><\/p>\n<p>Le  proc\u00e8s fait au pr\u00e9sident fran\u00e7ais Emmanuel Macron, dans le conflit libyen est dans le circuit diplomatique. Mais, l\u2019accusation est tr\u00e8s agressive. Parce que tout simplement Emmanuel Macron se trouve dans une \u2018\u2019histoire\u2019\u2019 libyenne totalement \u00e0 l\u2019envers. Et l\u2019image actuelle de la Libye que toute la diplomatie de la plan\u00e8te suit, n\u2019est pas un appui personnel du pr\u00e9sident fran\u00e7ais. <\/p>\n<p>L\u2019histoire des quatre missiles qui ont \u00e9t\u00e9 retrouv\u00e9s dans le camp du mar\u00e9chal Khalifa Haftar est aussi g\u00eanante pour l\u2019Organisation des Nations Unies (ONU) et son conseil de s\u00e9curit\u00e9 qui, en pleine r\u00e9alit\u00e9 du conflit libyen, avait impos\u00e9 un embargo sur les armes en direction de la Libye. Mais tout le monde sait qu\u2019en 2011, d\u00e9but de la crise libyenne, la prestigieuse adresse du palais de l\u2019\u00c9lys\u00e9e n\u2019\u00e9tait  \u2018\u2019pas assum\u00e9e\u2019\u2019 par Emmanuel Macron. Aujourd\u2019hui, le jeune pr\u00e9sident soutient  un march\u00e9 d\u2019armes en Libye, dont la France dirig\u00e9e par Nicolas Sarkozy \u00e9tait le grand fournisseur. L\u2019Europe \u00e0 travers  l\u2019Organisation du trait\u00e9 de l\u2019Atlantique nord (OTAN)  et l\u2019Afrique par l\u2019Union africaine (UA), ont applaudi la client\u00e8le de la Libye et Nicolas Sarkozy le d\u00e9marcheur. <\/p>\n<p>Faut-il faire un proc\u00e8s \u00e0 Emmanuel Macron ? Je pense que le locataire actuel de l\u2019\u00c9lys\u00e9e ne fait que son devoir d\u2019inventaire des actions militaires de la droite fran\u00e7aise en Libye. Il faut inverser le cours du conflit libyen et, se poser d\u2019embl\u00e9e la question : Pourquoi ni l\u2019Onu et le conseil de s\u00e9curit\u00e9, ni l\u2019Union africaine balaye   facilement les recettes militaires de la France en 2011 en Libye ? Emmanuel Macron est arriv\u00e9 neuf \u00e0 l\u2019\u00c9lys\u00e9e\u2026 Mais h\u00e9ritier d\u2019une belle bourde de la diplomatie  fran\u00e7aise. Une seule le\u00e7on \u00e0 retenir : il y a fort \u00e0 parler que l\u2019\u00c9lys\u00e9e re\u00e7oit souvent le mar\u00e9chal Khalifa Haftar ou Fayez al-Sarraj. Mais Emmanuel Macron g\u00e8re cette \u2018\u2019m\u00e9diation\u2019\u2019 d\u2019un \u0153il m\u00e9fiant.<\/p>\n<p><strong>Ben Isma\u00ebl<\/strong><\/p>\n","protected":false},"excerpt":{"rendered":"<p>Le proc\u00e8s fait \u00e0 Emmanuel Macron Le proc\u00e8s fait au pr\u00e9sident fran\u00e7ais Emmanuel Macron, dans le conflit libyen est dans le circuit diplomatique. Mais, l\u2019accusation est tr\u00e8s agressive. Parce que tout simplement Emmanuel Macron se trouve dans une \u2018\u2019histoire\u2019\u2019 libyenne totalement \u00e0 l\u2019envers. Et l\u2019image actuelle de la Libye que toute la diplomatie de la [&hellip;]<\/p>\n","protected":false},"author":3,"featured_media":15081,"comment_status":"closed","ping_status":"closed","sticky":false,"template":"","format":"standard","meta":{"_monsterinsights_skip_tracking":false,"_monsterinsights_sitenote_active":false,"_monsterinsights_sitenote_note":"","_monsterinsights_sitenote_category":0,"footnotes":""},"categories":[2,21],"tags":[],"class_list":["post-15066","post","type-post","status-publish","format-standard","has-post-thumbnail","hentry","category-featured","category-international"],"_links":{"self":[{"href":"https:\/\/www.lintelligentdabidjan.info\/news\/wp-json\/wp\/v2\/posts\/15066","targetHints":{"allow":["GET"]}}],"collection":[{"href":"https:\/\/www.lintelligentdabidjan.info\/news\/wp-json\/wp\/v2\/posts"}],"about":[{"href":"https:\/\/www.lintelligentdabidjan.info\/news\/wp-json\/wp\/v2\/types\/post"}],"author":[{"embeddable":true,"href":"https:\/\/www.lintelligentdabidjan.info\/news\/wp-json\/wp\/v2\/users\/3"}],"replies":[{"embeddable":true,"href":"https:\/\/www.lintelligentdabidjan.info\/news\/wp-json\/wp\/v2\/comments?post=15066"}],"version-history":[{"count":1,"href":"https:\/\/www.lintelligentdabidjan.info\/news\/wp-json\/wp\/v2\/posts\/15066\/revisions"}],"predecessor-version":[{"id":15067,"href":"https:\/\/www.lintelligentdabidjan.info\/news\/wp-json\/wp\/v2\/posts\/15066\/revisions\/15067"}],"wp:featuredmedia":[{"embeddable":true,"href":"https:\/\/www.lintelligentdabidjan.info\/news\/wp-json\/wp\/v2\/media\/15081"}],"wp:attachment":[{"href":"https:\/\/www.lintelligentdabidjan.info\/news\/wp-json\/wp\/v2\/media?parent=15066"}],"wp:term":[{"taxonomy":"category","embeddable":true,"href":"https:\/\/www.lintelligentdabidjan.info\/news\/wp-json\/wp\/v2\/categories?post=15066"},{"taxonomy":"post_tag","embeddable":true,"href":"https:\/\/www.lintelligentdabidjan.info\/news\/wp-json\/wp\/v2\/tags?post=15066"}],"curies":[{"name":"wp","href":"https:\/\/api.w.org\/{rel}","templated":true}]}}