{"id":15083,"date":"2019-07-25T13:14:06","date_gmt":"2019-07-25T11:14:06","guid":{"rendered":"https:\/\/www.lintelligentdabidjan.info\/news\/?p=15083"},"modified":"2019-07-25T13:17:26","modified_gmt":"2019-07-25T11:17:26","slug":"programme-de-la-74eme-ag-onu-climat-cmu-et-odd-au-menu","status":"publish","type":"post","link":"https:\/\/www.lintelligentdabidjan.info\/news\/programme-de-la-74eme-ag-onu-climat-cmu-et-odd-au-menu\/","title":{"rendered":"Programme de la 74eme AG-ONU : climat, CMU et ODD au menu"},"content":{"rendered":"<p><em><strong>La 74eme Assembl\u00e9e g\u00e9n\u00e9rale des nations unies (ONU) se tient du 17 au 27 septembre 2019 au si\u00e8ge de l\u2019organisation \u00e0 New-York. \u00c0 cette occasion, les dirigeants des pays membres de l\u2019organisation vont encore plancher sur la question du r\u00e9chauffement climatique avec en ligne de mire les progr\u00e8s r\u00e9alis\u00e9s depuis l\u2019Accord de Paris (Cop21) en 2015. Entre autres sujets sur la table, la couverture maladie universelle et  le financement des ODD, depuis son adoption \u00e0 Addis Abeba.<\/strong><\/em><\/p>\n<p>Apr\u00e8s son ouverture officielle le 17 septembre 2019 , la 74eme AG des Nations des Unies d\u00e9butera par un sommet de la jeunesse le 21 septembre 2019.<\/p>\n<p>Les jeunes de 18 \u00e0 29 ans venus des quatre coins du monde, notamment les jeunes leaders des pays du Sud se r\u00e9uniront autour d\u2019une plateforme mondiale pour donner leur solution en faveur du climat.<\/p>\n<p>Lesquelles solutions seront vers\u00e9es au d\u00e9bat de haut niveau des chefs d\u2019\u00c9tats qui s\u2019ouvre le 24 septembre 2019.<\/p>\n<p>Avant le d\u00e9bat g\u00e9n\u00e9ral, un autre sommet <em>\u00ab Action climat 2019 \u00bb<\/em> est pr\u00e9vu le 23 septembre et portera sur le financement de l\u2019action climatique en rapport avec l\u2019Accord de Paris. Cet accord vise principalement \u00e0 maintenir l\u2019augmentation moyenne de la temp\u00e9rature dans le monde bien en dessous de 2\u00b0C et autant que possible \u00e0 1,5\u00b0C pendant ce si\u00e8cle.<\/p>\n<p>Apr\u00e8s l\u2019accord de Paris de 2015, les dirigeants du monde ont conclu un nouvel accord universel sous le couvert de la Convention-Cadre des Nations Unies sur les changements climatiques.<\/p>\n<p>Au cours de la COP24 pr\u00e9vue en d\u00e9cembre prochain en Pologne, les chefs d\u2019\u00c9tat , aujourd\u2019hui au nombre de 184 et l\u2019Union europ\u00e9enne,  doivent convenir des lignes directrices de mise en \u0153uvre de l\u2019Accord de Paris, lui permettant de prendre tout son sens.<\/p>\n<p>Le m\u00eame jour, 23 septembre 2019 , une autre r\u00e9union portera sur la couverture maladie universelle en tant que moteur de l\u2019\u00e9quit\u00e9, du d\u00e9veloppement inclusif et de la prosp\u00e9rit\u00e9 pour tous.<\/p>\n<p>Apr\u00e8s l\u2019ouverture du d\u00e9bat g\u00e9n\u00e9ral avec la pr\u00e9sence des Chefs d\u2019\u00c9tats et de gouvernements le 24 septembre 2019 , s\u2019ouvrira un forum politique de haut niveau sur le d\u00e9veloppement durable(ODD) les 24 et 25 septembre 2019.<\/p>\n<p>Il sera suivi de plusieurs rencontres multilat\u00e9rales et bilat\u00e9rales. La r\u00e9union de haut niveau sur l\u2019examen des progr\u00e8s accomplis dans la mise en \u0153uvre des priorit\u00e9s des petits  Etats insulaires en d\u00e9veloppement (PEID) mettra fin aux d\u00e9bats officiels de la 74eme AG de l\u2019ONU, le 27 septembre 2019.<\/p>\n<p><strong>Philippe Kouhon <\/strong><\/p>\n","protected":false},"excerpt":{"rendered":"<p>La 74eme Assembl\u00e9e g\u00e9n\u00e9rale des nations unies (ONU) se tient du 17 au 27 septembre 2019 au si\u00e8ge de l\u2019organisation \u00e0 New-York. \u00c0 cette occasion, les dirigeants des pays membres de l\u2019organisation vont encore plancher sur la question du r\u00e9chauffement climatique avec en ligne de mire les progr\u00e8s r\u00e9alis\u00e9s depuis l\u2019Accord de Paris (Cop21) en [&hellip;]<\/p>\n","protected":false},"author":3,"featured_media":15085,"comment_status":"closed","ping_status":"closed","sticky":false,"template":"","format":"standard","meta":{"_monsterinsights_skip_tracking":false,"_monsterinsights_sitenote_active":false,"_monsterinsights_sitenote_note":"","_monsterinsights_sitenote_category":0,"footnotes":""},"categories":[2,21],"tags":[],"class_list":["post-15083","post","type-post","status-publish","format-standard","has-post-thumbnail","hentry","category-featured","category-international"],"_links":{"self":[{"href":"https:\/\/www.lintelligentdabidjan.info\/news\/wp-json\/wp\/v2\/posts\/15083","targetHints":{"allow":["GET"]}}],"collection":[{"href":"https:\/\/www.lintelligentdabidjan.info\/news\/wp-json\/wp\/v2\/posts"}],"about":[{"href":"https:\/\/www.lintelligentdabidjan.info\/news\/wp-json\/wp\/v2\/types\/post"}],"author":[{"embeddable":true,"href":"https:\/\/www.lintelligentdabidjan.info\/news\/wp-json\/wp\/v2\/users\/3"}],"replies":[{"embeddable":true,"href":"https:\/\/www.lintelligentdabidjan.info\/news\/wp-json\/wp\/v2\/comments?post=15083"}],"version-history":[{"count":1,"href":"https:\/\/www.lintelligentdabidjan.info\/news\/wp-json\/wp\/v2\/posts\/15083\/revisions"}],"predecessor-version":[{"id":15084,"href":"https:\/\/www.lintelligentdabidjan.info\/news\/wp-json\/wp\/v2\/posts\/15083\/revisions\/15084"}],"wp:featuredmedia":[{"embeddable":true,"href":"https:\/\/www.lintelligentdabidjan.info\/news\/wp-json\/wp\/v2\/media\/15085"}],"wp:attachment":[{"href":"https:\/\/www.lintelligentdabidjan.info\/news\/wp-json\/wp\/v2\/media?parent=15083"}],"wp:term":[{"taxonomy":"category","embeddable":true,"href":"https:\/\/www.lintelligentdabidjan.info\/news\/wp-json\/wp\/v2\/categories?post=15083"},{"taxonomy":"post_tag","embeddable":true,"href":"https:\/\/www.lintelligentdabidjan.info\/news\/wp-json\/wp\/v2\/tags?post=15083"}],"curies":[{"name":"wp","href":"https:\/\/api.w.org\/{rel}","templated":true}]}}