{"id":15086,"date":"2019-07-25T13:23:28","date_gmt":"2019-07-25T11:23:28","guid":{"rendered":"https:\/\/www.lintelligentdabidjan.info\/news\/?p=15086"},"modified":"2019-07-25T13:26:34","modified_gmt":"2019-07-25T11:26:34","slug":"12eme-anniversaire-de-lunion-des-nouvelles-generations-declaration-du-president-stephane-kipre","status":"publish","type":"post","link":"https:\/\/www.lintelligentdabidjan.info\/news\/12eme-anniversaire-de-lunion-des-nouvelles-generations-declaration-du-president-stephane-kipre\/","title":{"rendered":"12\u00e8me ANNIVERSAIRE DE L\u2019UNION DES NOUVELLES G\u00c9N\u00c9RATIONS : DECLARATION DU PR\u00c9SIDENT ST\u00c9PHANE KIPR\u00c9"},"content":{"rendered":"<p><em><strong>Camarades responsables du parti, <\/strong><\/em><br \/>\nChers militants,<br \/>\nAujourd\u2019hui 25 juillet 2019, notre parti c\u00e9l\u00e8bre son 12\u00e8me anniversaire. Il y a en effet 12 ans, nous \u00e9tions une dizaine \u00e0 nous r\u00e9unir pour cr\u00e9er ce parti. Nous n\u2019\u00e9tions pas des professionnels de la politique mais nous \u00e9tions convaincus qu\u2019il fallait absolument penser la C\u00f4te d\u2019Ivoire autrement et nous pr\u00e9parer \u00e0 faire face aux d\u00e9fis \u00e0 venir. Nous r\u00eavions de b\u00e2tir la C\u00f4te d\u2019Ivoire des nouvelles g\u00e9n\u00e9rations et pour cela, nous avons r\u00e9fl\u00e9chi \u00e0 un projet ambitieux \u00e0 proposer aux ivoiriens. Aujourd\u2019hui, gr\u00e2ce \u00e0 votre acharnement au travail, \u00e0 votre foi en une C\u00f4te d\u2019Ivoire nouvelle, nous sommes des millions de par le monde \u00e0 partager cette ambition.<\/p>\n<p>Cependant, que n\u2019avons-nous pas entendu ! L\u2019on nous pr\u00e9disait une mort pr\u00e9matur\u00e9e ; mais 12 ans apr\u00e8s, nous sommes l\u00e0, contribuant dans les conditions qui sont les n\u00f4tres, \u00e0 la vie politique de notre pays. Ces 12 ann\u00e9es n\u2019ont pas \u00e9t\u00e9 de tout repos. Nous avons connu les affres de l\u2019exil et de l\u2019emprisonnement. Nous avons pris des coups, beaucoup de coups et pas seulement de l\u00e0 o\u00f9 nous les attendions mais jamais nous n\u2019avons renonc\u00e9 \u00e0 servir notre pays. Nous avons tenu ferme, convaincus que nous n\u2019avions pas le droit de renoncer \u00e0 notre r\u00eave pour le pays. Pendant ces 12 ann\u00e9es, nos liens se sont raffermis au point qu\u2019au-del\u00e0 de partager un id\u00e9al commun, nous sommes devenus une famille.<\/p>\n<p>Oui, chers amis, comme vous le savez, notre pays traverse une situation politique in\u00e9dite depuis la tentative de coup d\u2019\u00e9tat de 2002 qui s\u2019est mu\u00e9e en r\u00e9bellion et la crise post-\u00e9lectorale de 2010. Cette situation nous a contraints \u00e0 prendre des d\u00e9cisions souvent difficiles mais n\u00e9cessaires parce que nous croyons que l\u2019essentiel \u00e0 sauvegarder reste d\u2019abord notre pays. En effet, comment proposer un projet quand notre pays est attaqu\u00e9 dans ses fondements et que les acquis d\u00e9mocratiques sont menac\u00e9s ? Cette situation d\u2019urgence nous a amen\u00e9 tr\u00e8s souvent \u00e0 taire notre ambition pour servir une cause bien plus importante : celle du retour \u00e0 la paix dans notre pays.<\/p>\n<p>Comment aurions-nous pu rester insensibles \u00e0 la d\u00e9tresse des millions d\u2019exil\u00e9s et la souffrance des centaines de prisonniers politiques ? C\u2019est pourquoi quand il a fallu aider \u00e0 all\u00e9ger un tant soit peu la souffrance de nos compatriotes dans cette situation, notre parti a r\u00e9pondu pr\u00e9sent. Nous avons port\u00e9 assistance sans forc\u00e9ment m\u00e9diatiser toutes ces actions, persuad\u00e9s que nous ne faisions que notre devoir. Dans un pays comme le n\u00f4tre o\u00f9 la souffrance des populations est de plus en plus perceptible, nous ne pouvions trahir notre peuple en fermant les yeux sur ses difficult\u00e9s.<\/p>\n<p>Mais bien plus, quand il s\u2019est agi de se mobiliser d\u00e9mocratiquement pour d\u00e9crier certaines mesures du pouvoir, nous avons \u00e9t\u00e9 l\u00e0. Nous avons \u00e9t\u00e9 de tous les manifestations pour r\u00e9clamer le retour \u00e0 la d\u00e9mocratie. Cela nous a encore valu des emprisonnements et des d\u00e9parts en exil mais comme un roseau, nous avons pli\u00e9 sans jamais rompre. Nous avons \u00e9t\u00e9 de tous les combats, et les victoires remport\u00e9es sont aussi les n\u00f4tres.<\/p>\n<p>En m\u00eame temps, nous avons \u00e9t\u00e9 fortement pr\u00e9sents sur le terrain de la critique constructive et de la proposition concernant la gouvernance actuelle. M\u00eame s\u2019il y avait peu de chances que le pouvoir en place, enferm\u00e9 dans ses certitudes, nous \u00e9coute, nous avons fait notre part. nous avons propos\u00e9 un dialogue politique inclusif afin de totalement r\u00e9gler la question de la r\u00e9conciliation nationale. Nous avons d\u00e9nonc\u00e9 la chert\u00e9 de la vie et le ch\u00f4mage end\u00e9mique des populations tout en proposant des solutions pour les juguler ; en vain.<\/p>\n<p>Le refus du pouvoir de prendre en compte les critiques nous a d\u00e9sol\u00e9s parce que nous avons les solutions. Nous avons pris le temps de la r\u00e9flexion afin de trouver le rem\u00e8de \u00e0 chaque mal qui mine notre pays. Nous sommes convaincus que la banque de l\u2019entreprenariat que nous proposons est la panac\u00e9e au ch\u00f4mage de notre jeunesse. Nous restons persuad\u00e9s que la provincialisation contenue dans notre projet de soci\u00e9t\u00e9 permettra de r\u00e9gler les disparit\u00e9s r\u00e9gionales au niveau du d\u00e9veloppement. Si nous faisons la promotion des unit\u00e9s de sant\u00e9 mobiles \u00e0 travers tout le pays, c\u2019est parce que nous savons qu\u2019elles viendront au secours des populations d\u00e9favoris\u00e9es qui vivent en dehors des grandes villes et en campagne. Oui, nous avons pens\u00e9 la C\u00f4te d\u2019Ivoire ! Oui nous avons un projet pour la C\u00f4te d\u2019Ivoire !<\/p>\n<p>Camarades responsables du parti,<br \/>\nChers militants,<br \/>\nAu moment o\u00f9 nous c\u00e9l\u00e9brons cet anniversaire, nous pouvons \u00eatre fiers du chemin parcouru et notre part active dans la vie politique et sociale de notre pays. Cependant plusieurs questions restent encore d\u2019actualit\u00e9 face au refus du pouvoir d\u2019accepter un dialogue sinc\u00e8re avec l\u2019opposition et la soci\u00e9t\u00e9 civile. La situation est d\u2019autant plus inqui\u00e9tante que la fi\u00e8vre \u00e9lectorale s\u2019empare encore de notre pays alors que rien n\u2019a \u00e9t\u00e9 fait pour soigner les stigmates de la crise de 2010. En d\u00e9pit de nos appels \u00e0 la sagesse, le pouvoir s\u2019est ent\u00eat\u00e9 \u00e0 faire ent\u00e9riner une Commission \u00c9lectorale non ind\u00e9pendante parce que d\u00e9s\u00e9quilibr\u00e9e fortement en sa faveur. Comment ne pas \u00e9voquer les questions s\u00e9curitaires et la circulation ahurissante des armes qui troublent la qui\u00e9tude de nos populations ? Alors que tous les acteurs s\u00e9rieux appellent \u00e0 un consensus autour des organes en charge des \u00e9lections, M. Ouattara et son pouvoir pr\u00e9parent un passage en force confessant ainsi que leur gestion n\u2019a pas r\u00e9pondu aux attentes des Ivoiriens. Et c\u2019est pourquoi nous devons continuer de notre battre pour faire comprendre aux uns et aux autres que la priorit\u00e9 n\u2019est pas aux \u00e9lections mais \u00e0 la r\u00e9conciliation nationale pour \u00e9viter de revivre le cauchemar de 2010. Nous pr\u00eachons la r\u00e9conciliation parce que nous aimons notre pays et que nous ne voulons plus le voir se d\u00e9chirer. Nous militons en faveur de la r\u00e9conciliation parce qu\u2019il n\u2019y a quelle qui permettra d\u2019installer un climat politique et social apais\u00e9 propice afin que chaque parti propose ses solutions aux Ivoiriens.<\/p>\n<p>Et justement \u00e0 propos de cette r\u00e9conciliation voulue par la majorit\u00e9 des Ivoiriens, l\u2019acquittement du pr\u00e9sident Gbagbo, notre leader se pr\u00e9sente comme un signe, une deuxi\u00e8me chance offerte aux fils de ce pays pour se retrouver et se parler.<\/p>\n<p>Camarades responsables du parti,<br \/>\nChers militants,<br \/>\nSi nous nous battons pour la r\u00e9conciliation nationale, c\u2019est parce que nous devons \u00eatre pr\u00e9sents lors des \u00e9lections g\u00e9n\u00e9rales de 2020. Il est en effet temps pour nous de confronter notre vision de la C\u00f4te d\u2019Ivoire \u00e0 l\u2019avis de nos compatriotes et c\u2019est pourquoi le th\u00e8me de cette c\u00e9l\u00e9bration : \u00ab Perspectives \u00e0 l\u2019or\u00e9e des \u00e9lections de 2020 : Forces, faiblesses, et d\u00e9fis de l\u2019Union des Nouvelles G\u00e9n\u00e9rations \u00bb est \u00e0 propos.  Les d\u00e9fis sont en effet nombreux mais nous saurons trouver ensemble les voies et moyens de les surmonter comme nous l\u2019avons toujours fait. Si nous avons d\u00e9cid\u00e9 de consacrer ce 12\u00e8me anniversaire \u00e0 la r\u00e9flexion, c\u2019est parce qu\u2019ensemble, nous nous pr\u00e9parons \u00e0 relever de grands d\u00e9fis. Bient\u00f4t, nous entamerons une grande tourn\u00e9e nationale pour aller \u00e0 l\u2019\u00e9coute des populations et partager encore leur quotidien. Bient\u00f4t, nous nous retrouverons !<\/p>\n<p>Chers amis, certains ne voient l\u2019Afrique que sous le prisme des guerres, des massacres, des coups d\u2019\u00c9tat, des crises politiques et sociales, dictatures, maladies, immigration, etc.  Mais nous sommes un continent en pleine mutation. Partout sur le continent, des femmes et des hommes luttent pour leurs droits et leur dignit\u00e9, des associations \u00e0 caract\u00e8re civique se multiplient, des exp\u00e9riences d\u00e9mocratiques se prolongent, les cr\u00e9ateurs, les artistes et les artisans font preuve d\u2019une formidable vitalit\u00e9, les soci\u00e9t\u00e9s de plus en plus urbanis\u00e9es bougent, se transforment et se projettent avec confiance vers l\u2019avenir. Le d\u00e9veloppement rapide des technologies de l\u2019information et de la communication r\u00e9volutionne les rapports sociaux et impactent la vie politique.<br \/>\nC\u2019est \u00e0 cette Afrique que nous devons appartenir. Celle qui est consciente que le chemin sera long et difficile mais qui ne plonge pas dans un pessimiste paralysant. Nous devons \u00eatre de l\u2019Afrique qui ose. Cette Afrique est celle de notre g\u00e9n\u00e9ration et il nous faut absolument la porter.<\/p>\n<p>Continuons de croire en notre r\u00eave commun parce qu\u2019un jour nouveau va se lever sur la C\u00f4te d\u2019ivoire. Et en pr\u00e9vision de ce jour, nous devons nous tenir pr\u00eats \u00e0 jouer notre partition. Nous sommes la C\u00f4te d\u2019Ivoire d\u2019aujourd\u2019hui mais nous sommes surtout celle de demain.<\/p>\n<p>Camarades responsables du parti,<br \/>\nChers militants,<br \/>\nJe voudrais conclure mes propos en souhaitant \u00e0 chacun de vous un heureux 12\u00e8me anniversaire. Que la conviction qui nous a anim\u00e9 depuis le d\u00e9but ne nous quitte jamais. Continuons d\u2019\u00eatre un parti politique \u00e0 l\u2019\u00e9coute des aspirations profondes des populations. Parce que c\u2019est tout ensemble que nous porterons la C\u00f4te d\u2019Ivoire des nouvelles g\u00e9n\u00e9rations sur les fonds baptismaux. <\/p>\n<p>Vive la C\u00f4te d\u2019Ivoire !<br \/>\nVive l\u2019Union des Nouvelles G\u00e9n\u00e9rations !<br \/>\nC\u2019est Dieu qui est fort !<\/p>\n<p>St\u00e9phane Kipr\u00e9<br \/>\nPr\u00e9sident de l\u2019Union des Nouvelles G\u00e9n\u00e9rations<\/p>\n","protected":false},"excerpt":{"rendered":"<p>Camarades responsables du parti, Chers militants, Aujourd\u2019hui 25 juillet 2019, notre parti c\u00e9l\u00e8bre son 12\u00e8me anniversaire. Il y a en effet 12 ans, nous \u00e9tions une dizaine \u00e0 nous r\u00e9unir pour cr\u00e9er ce parti. Nous n\u2019\u00e9tions pas des professionnels de la politique mais nous \u00e9tions convaincus qu\u2019il fallait absolument penser la C\u00f4te d\u2019Ivoire autrement et [&hellip;]<\/p>\n","protected":false},"author":3,"featured_media":15088,"comment_status":"closed","ping_status":"closed","sticky":false,"template":"","format":"standard","meta":{"_monsterinsights_skip_tracking":false,"_monsterinsights_sitenote_active":false,"_monsterinsights_sitenote_note":"","_monsterinsights_sitenote_category":0,"footnotes":""},"categories":[2,17],"tags":[],"class_list":["post-15086","post","type-post","status-publish","format-standard","has-post-thumbnail","hentry","category-featured","category-politique"],"_links":{"self":[{"href":"https:\/\/www.lintelligentdabidjan.info\/news\/wp-json\/wp\/v2\/posts\/15086","targetHints":{"allow":["GET"]}}],"collection":[{"href":"https:\/\/www.lintelligentdabidjan.info\/news\/wp-json\/wp\/v2\/posts"}],"about":[{"href":"https:\/\/www.lintelligentdabidjan.info\/news\/wp-json\/wp\/v2\/types\/post"}],"author":[{"embeddable":true,"href":"https:\/\/www.lintelligentdabidjan.info\/news\/wp-json\/wp\/v2\/users\/3"}],"replies":[{"embeddable":true,"href":"https:\/\/www.lintelligentdabidjan.info\/news\/wp-json\/wp\/v2\/comments?post=15086"}],"version-history":[{"count":1,"href":"https:\/\/www.lintelligentdabidjan.info\/news\/wp-json\/wp\/v2\/posts\/15086\/revisions"}],"predecessor-version":[{"id":15087,"href":"https:\/\/www.lintelligentdabidjan.info\/news\/wp-json\/wp\/v2\/posts\/15086\/revisions\/15087"}],"wp:featuredmedia":[{"embeddable":true,"href":"https:\/\/www.lintelligentdabidjan.info\/news\/wp-json\/wp\/v2\/media\/15088"}],"wp:attachment":[{"href":"https:\/\/www.lintelligentdabidjan.info\/news\/wp-json\/wp\/v2\/media?parent=15086"}],"wp:term":[{"taxonomy":"category","embeddable":true,"href":"https:\/\/www.lintelligentdabidjan.info\/news\/wp-json\/wp\/v2\/categories?post=15086"},{"taxonomy":"post_tag","embeddable":true,"href":"https:\/\/www.lintelligentdabidjan.info\/news\/wp-json\/wp\/v2\/tags?post=15086"}],"curies":[{"name":"wp","href":"https:\/\/api.w.org\/{rel}","templated":true}]}}