{"id":15107,"date":"2019-07-26T01:50:00","date_gmt":"2019-07-25T23:50:00","guid":{"rendered":"https:\/\/www.lintelligentdabidjan.info\/news\/?p=15107"},"modified":"2019-07-26T01:50:00","modified_gmt":"2019-07-25T23:50:00","slug":"appui-aux-medias-laide-publique-evaluee-a-9-milliards-de-fcfa-de-2009-a-2018","status":"publish","type":"post","link":"https:\/\/www.lintelligentdabidjan.info\/news\/appui-aux-medias-laide-publique-evaluee-a-9-milliards-de-fcfa-de-2009-a-2018\/","title":{"rendered":"Appui aux m\u00e9dias : l\u2019aide publique \u00e9valu\u00e9e \u00e0 9 milliards de FCFA de 2009 \u00e0 2018"},"content":{"rendered":"<p><em><strong>Abidjan, le 25 juillet 2019 \u2013 Invit\u00e9 de la 7\u00e8 \u00e9dition de \u00ab Les rendez-vous du gouvernement \u00bb organis\u00e9e par le Centre d\u2019Information et de Communication Gouvernementale (CICG), le 25 juillet 2019 \u00e0 Abidjan, le ministre de la Communication et des M\u00e9dias, Sidi Ti\u00e9moko Tour\u00e9, a indiqu\u00e9 que l\u2019aide publique \u00e0 la presse, cumul\u00e9e de 2009 \u00e0 2018, s\u2019\u00e9l\u00e8ve \u00e0 environ 9 milliards de FCFA.<\/strong><\/em><\/p>\n<p>\u00ab L\u2019aide publique de l\u2019Etat, de 2009 \u00e0 2018, s\u2019\u00e9l\u00e8ve, de fa\u00e7on cumul\u00e9e, \u00e0 environ 9 milliards de FCFA, dont 700 millions de FCFA pour le financement de la formation et des \u00e9tudes, 6 milliards de FCFA affect\u00e9s aux subventions et dons et 2,5 milliards de FCFA constitutifs d\u2019un fonds de garantie des emprunts bancaires \u00bb, a d\u00e9clar\u00e9 Sidi Ti\u00e9moko Tour\u00e9.<\/p>\n<p>Selon le ministre en charge de la Communication et des M\u00e9dias, le Fonds de soutien et de d\u00e9veloppement de la presse (FSDP) a ainsi financ\u00e9 le renforcement des capacit\u00e9s manag\u00e9riales des chefs d\u2019entreprise, encourag\u00e9 l\u2019innovation et la modernisation et subventionn\u00e9 les entreprises de presse.<\/p>\n<p>Le FSDP a \u00e9galement apport\u00e9 son appui \u00e0 la cr\u00e9ation de la Mutuelle sociale des M\u00e9dias (MS M\u00e9dia) pour une meilleure politique sociale en faveur des journalistes et professionnels de la communication.<\/p>\n<p>Cette mutuelle, a-t-il expliqu\u00e9, couvre 80% des d\u00e9penses m\u00e9dicales de ses adh\u00e9rents. Ceux-ci disposent aussi d\u2019un fonds de solidarit\u00e9 lors des \u00e9v\u00e8nements heureux ou malheureux.<\/p>\n<p>Sidi Ti\u00e9moko Tour\u00e9 a, par ailleurs, annonc\u00e9 qu\u2019un projet de d\u00e9cret \u00e9largissant les champs d\u2019intervention du Fonds a \u00e9t\u00e9 d\u00e9pos\u00e9 au secr\u00e9tariat g\u00e9n\u00e9ral du gouvernement. <\/p>\n<p><strong><br \/>\nSource :CICG<\/strong><\/p>\n","protected":false},"excerpt":{"rendered":"<p>Abidjan, le 25 juillet 2019 \u2013 Invit\u00e9 de la 7\u00e8 \u00e9dition de \u00ab Les rendez-vous du gouvernement \u00bb organis\u00e9e par le Centre d\u2019Information et de Communication Gouvernementale (CICG), le 25 juillet 2019 \u00e0 Abidjan, le ministre de la Communication et des M\u00e9dias, Sidi Ti\u00e9moko Tour\u00e9, a indiqu\u00e9 que l\u2019aide publique \u00e0 la presse, cumul\u00e9e de [&hellip;]<\/p>\n","protected":false},"author":3,"featured_media":15108,"comment_status":"closed","ping_status":"closed","sticky":false,"template":"","format":"standard","meta":{"_monsterinsights_skip_tracking":false,"_monsterinsights_sitenote_active":false,"_monsterinsights_sitenote_note":"","_monsterinsights_sitenote_category":0,"footnotes":""},"categories":[2,3],"tags":[],"class_list":["post-15107","post","type-post","status-publish","format-standard","has-post-thumbnail","hentry","category-featured","category-societe"],"_links":{"self":[{"href":"https:\/\/www.lintelligentdabidjan.info\/news\/wp-json\/wp\/v2\/posts\/15107","targetHints":{"allow":["GET"]}}],"collection":[{"href":"https:\/\/www.lintelligentdabidjan.info\/news\/wp-json\/wp\/v2\/posts"}],"about":[{"href":"https:\/\/www.lintelligentdabidjan.info\/news\/wp-json\/wp\/v2\/types\/post"}],"author":[{"embeddable":true,"href":"https:\/\/www.lintelligentdabidjan.info\/news\/wp-json\/wp\/v2\/users\/3"}],"replies":[{"embeddable":true,"href":"https:\/\/www.lintelligentdabidjan.info\/news\/wp-json\/wp\/v2\/comments?post=15107"}],"version-history":[{"count":1,"href":"https:\/\/www.lintelligentdabidjan.info\/news\/wp-json\/wp\/v2\/posts\/15107\/revisions"}],"predecessor-version":[{"id":15109,"href":"https:\/\/www.lintelligentdabidjan.info\/news\/wp-json\/wp\/v2\/posts\/15107\/revisions\/15109"}],"wp:featuredmedia":[{"embeddable":true,"href":"https:\/\/www.lintelligentdabidjan.info\/news\/wp-json\/wp\/v2\/media\/15108"}],"wp:attachment":[{"href":"https:\/\/www.lintelligentdabidjan.info\/news\/wp-json\/wp\/v2\/media?parent=15107"}],"wp:term":[{"taxonomy":"category","embeddable":true,"href":"https:\/\/www.lintelligentdabidjan.info\/news\/wp-json\/wp\/v2\/categories?post=15107"},{"taxonomy":"post_tag","embeddable":true,"href":"https:\/\/www.lintelligentdabidjan.info\/news\/wp-json\/wp\/v2\/tags?post=15107"}],"curies":[{"name":"wp","href":"https:\/\/api.w.org\/{rel}","templated":true}]}}