{"id":15122,"date":"2019-07-28T01:05:06","date_gmt":"2019-07-27T23:05:06","guid":{"rendered":"https:\/\/www.lintelligentdabidjan.info\/news\/?p=15122"},"modified":"2019-07-28T01:05:51","modified_gmt":"2019-07-27T23:05:51","slug":"ferke-femmes-et-jeunes-soutiennent-les-actions-de-ouattara","status":"publish","type":"post","link":"https:\/\/www.lintelligentdabidjan.info\/news\/ferke-femmes-et-jeunes-soutiennent-les-actions-de-ouattara\/","title":{"rendered":"Ferk\u00e9 : femmes et jeunes soutiennent les actions de Ouattara"},"content":{"rendered":"<p><em><strong>Ferkess\u00e9dougou, le 27 juillet 2019 \u2013 A la c\u00e9r\u00e9monie d\u2019hommage des populations du Nord au Pr\u00e9sident de la R\u00e9publique Alassane Ouattara, le samedi 27 juillet 2019 \u00e0 Ferkess\u00e9dougou, les femmes et les jeunes ont r\u00e9affirm\u00e9 leur total soutien aux politiques et actions de d\u00e9veloppement du Pr\u00e9sident de la R\u00e9publique Alassane Ouattara.<\/strong><\/em><\/p>\n<p>Les femmes, par la voix de leur porte-parole, Ouattara Inssiata, l\u2019ont remerci\u00e9 pour son leadership qui a permis, en moins d\u2019une d\u00e9cennie, de hisser la C\u00f4te d\u2019Ivoire au rang des pays aux \u00e9conomies performantes.<\/p>\n<p>Entre autres actions du Chef de l\u2019Etat en leur faveur, elles ont salu\u00e9 la politique de la scolarisation de la jeune fille, la politique d\u2019autonomisation de la femme et la d\u00e9cision sur la repr\u00e9sentativit\u00e9 de 30 % des femmes au titre des postes \u00e9lectifs.<\/p>\n<p>Au nom des jeunes, Ibrahima Fofana a remerci\u00e9 le Pr\u00e9sident Alassane Ouattara qui a toujours mis la jeunesse au coeur de ses pr\u00e9occupations.<\/p>\n<p>Et de citer des opportunit\u00e9s qu\u2019il leur offre, dont les 500 000 stages d\u2019emplois, le financement de projets et les formations qualifiantes dans le cadre du Programme Social du Gouvernement, les 45 guichets-emploi qui vont ouvrir \u00e0 partir d\u2019ao\u00fbt 2019 \u00e0 Abidjan et dans les chefs-lieux de r\u00e9gions&#8230;  <\/p>\n<p><strong>Avec sercom Primature<\/strong><\/p>\n","protected":false},"excerpt":{"rendered":"<p>Ferkess\u00e9dougou, le 27 juillet 2019 \u2013 A la c\u00e9r\u00e9monie d\u2019hommage des populations du Nord au Pr\u00e9sident de la R\u00e9publique Alassane Ouattara, le samedi 27 juillet 2019 \u00e0 Ferkess\u00e9dougou, les femmes et les jeunes ont r\u00e9affirm\u00e9 leur total soutien aux politiques et actions de d\u00e9veloppement du Pr\u00e9sident de la R\u00e9publique Alassane Ouattara. Les femmes, par la [&hellip;]<\/p>\n","protected":false},"author":3,"featured_media":15123,"comment_status":"closed","ping_status":"closed","sticky":false,"template":"","format":"standard","meta":{"_monsterinsights_skip_tracking":false,"_monsterinsights_sitenote_active":false,"_monsterinsights_sitenote_note":"","_monsterinsights_sitenote_category":0,"footnotes":""},"categories":[2,17],"tags":[],"class_list":["post-15122","post","type-post","status-publish","format-standard","has-post-thumbnail","hentry","category-featured","category-politique"],"_links":{"self":[{"href":"https:\/\/www.lintelligentdabidjan.info\/news\/wp-json\/wp\/v2\/posts\/15122","targetHints":{"allow":["GET"]}}],"collection":[{"href":"https:\/\/www.lintelligentdabidjan.info\/news\/wp-json\/wp\/v2\/posts"}],"about":[{"href":"https:\/\/www.lintelligentdabidjan.info\/news\/wp-json\/wp\/v2\/types\/post"}],"author":[{"embeddable":true,"href":"https:\/\/www.lintelligentdabidjan.info\/news\/wp-json\/wp\/v2\/users\/3"}],"replies":[{"embeddable":true,"href":"https:\/\/www.lintelligentdabidjan.info\/news\/wp-json\/wp\/v2\/comments?post=15122"}],"version-history":[{"count":1,"href":"https:\/\/www.lintelligentdabidjan.info\/news\/wp-json\/wp\/v2\/posts\/15122\/revisions"}],"predecessor-version":[{"id":15124,"href":"https:\/\/www.lintelligentdabidjan.info\/news\/wp-json\/wp\/v2\/posts\/15122\/revisions\/15124"}],"wp:featuredmedia":[{"embeddable":true,"href":"https:\/\/www.lintelligentdabidjan.info\/news\/wp-json\/wp\/v2\/media\/15123"}],"wp:attachment":[{"href":"https:\/\/www.lintelligentdabidjan.info\/news\/wp-json\/wp\/v2\/media?parent=15122"}],"wp:term":[{"taxonomy":"category","embeddable":true,"href":"https:\/\/www.lintelligentdabidjan.info\/news\/wp-json\/wp\/v2\/categories?post=15122"},{"taxonomy":"post_tag","embeddable":true,"href":"https:\/\/www.lintelligentdabidjan.info\/news\/wp-json\/wp\/v2\/tags?post=15122"}],"curies":[{"name":"wp","href":"https:\/\/api.w.org\/{rel}","templated":true}]}}