{"id":15125,"date":"2019-07-28T01:08:46","date_gmt":"2019-07-27T23:08:46","guid":{"rendered":"https:\/\/www.lintelligentdabidjan.info\/news\/?p=15125"},"modified":"2019-07-28T01:10:29","modified_gmt":"2019-07-27T23:10:29","slug":"meeting-dhommage-a-ouattara-gon-coulibaly-invite-rois-et-chefs-traditionnels-a-promouvoir-la-paix","status":"publish","type":"post","link":"https:\/\/www.lintelligentdabidjan.info\/news\/meeting-dhommage-a-ouattara-gon-coulibaly-invite-rois-et-chefs-traditionnels-a-promouvoir-la-paix\/","title":{"rendered":"Meeting d\u2019hommage \u00e0 Ouattara : Gon Coulibaly invite rois et chefs traditionnels \u00e0 promouvoir la paix"},"content":{"rendered":"<p><em><strong>Ferkess\u00e9dougou, le 27 juillet 2019 &#8211; Au cours d\u2019une rencontre avec les Rois et Chefs traditionnels, en marge de la c\u00e9r\u00e9monie d\u2019hommage des populations du Nord au Pr\u00e9sident de la R\u00e9publique Alassane Ouattara, le samedi 27 juillet 2019 \u00e0 Ferkess\u00e9dougou, le Premier Ministre ivoirien, Amadou Gon Coulibaly, a exhort\u00e9 les Rois et Chefs traditionnels \u00e0 s\u2019investir dans la recherche de la paix et la coh\u00e9sion sociale \u00e0 travers le pays.<\/strong><\/em><\/p>\n<p>Amadou Gon Coulibaly a dit son attachement aux valeurs de paix, de travail et de coh\u00e9sion entre les filles et fils de la C\u00f4te d\u2019Ivoire.<\/p>\n<p>Il a ensuite mis en mission les garants de la tradition, en vue de la recherche d\u2019un climat paisible, condition sine qua non de tout d\u00e9veloppement.<\/p>\n<p><strong>Avec Sercom <\/strong><\/p>\n","protected":false},"excerpt":{"rendered":"<p>Ferkess\u00e9dougou, le 27 juillet 2019 &#8211; Au cours d\u2019une rencontre avec les Rois et Chefs traditionnels, en marge de la c\u00e9r\u00e9monie d\u2019hommage des populations du Nord au Pr\u00e9sident de la R\u00e9publique Alassane Ouattara, le samedi 27 juillet 2019 \u00e0 Ferkess\u00e9dougou, le Premier Ministre ivoirien, Amadou Gon Coulibaly, a exhort\u00e9 les Rois et Chefs traditionnels \u00e0 [&hellip;]<\/p>\n","protected":false},"author":3,"featured_media":15126,"comment_status":"closed","ping_status":"closed","sticky":false,"template":"","format":"standard","meta":{"_monsterinsights_skip_tracking":false,"_monsterinsights_sitenote_active":false,"_monsterinsights_sitenote_note":"","_monsterinsights_sitenote_category":0,"footnotes":""},"categories":[2,17],"tags":[],"class_list":["post-15125","post","type-post","status-publish","format-standard","has-post-thumbnail","hentry","category-featured","category-politique"],"_links":{"self":[{"href":"https:\/\/www.lintelligentdabidjan.info\/news\/wp-json\/wp\/v2\/posts\/15125","targetHints":{"allow":["GET"]}}],"collection":[{"href":"https:\/\/www.lintelligentdabidjan.info\/news\/wp-json\/wp\/v2\/posts"}],"about":[{"href":"https:\/\/www.lintelligentdabidjan.info\/news\/wp-json\/wp\/v2\/types\/post"}],"author":[{"embeddable":true,"href":"https:\/\/www.lintelligentdabidjan.info\/news\/wp-json\/wp\/v2\/users\/3"}],"replies":[{"embeddable":true,"href":"https:\/\/www.lintelligentdabidjan.info\/news\/wp-json\/wp\/v2\/comments?post=15125"}],"version-history":[{"count":1,"href":"https:\/\/www.lintelligentdabidjan.info\/news\/wp-json\/wp\/v2\/posts\/15125\/revisions"}],"predecessor-version":[{"id":15127,"href":"https:\/\/www.lintelligentdabidjan.info\/news\/wp-json\/wp\/v2\/posts\/15125\/revisions\/15127"}],"wp:featuredmedia":[{"embeddable":true,"href":"https:\/\/www.lintelligentdabidjan.info\/news\/wp-json\/wp\/v2\/media\/15126"}],"wp:attachment":[{"href":"https:\/\/www.lintelligentdabidjan.info\/news\/wp-json\/wp\/v2\/media?parent=15125"}],"wp:term":[{"taxonomy":"category","embeddable":true,"href":"https:\/\/www.lintelligentdabidjan.info\/news\/wp-json\/wp\/v2\/categories?post=15125"},{"taxonomy":"post_tag","embeddable":true,"href":"https:\/\/www.lintelligentdabidjan.info\/news\/wp-json\/wp\/v2\/tags?post=15125"}],"curies":[{"name":"wp","href":"https:\/\/api.w.org\/{rel}","templated":true}]}}