{"id":15190,"date":"2019-07-31T00:32:24","date_gmt":"2019-07-30T22:32:24","guid":{"rendered":"https:\/\/www.lintelligentdabidjan.info\/news\/?p=15190"},"modified":"2019-07-31T00:44:19","modified_gmt":"2019-07-30T22:44:19","slug":"vrai-faux-scandale-a-bingerville-la-femme-enceinte-nest-pas-morte-a-lhopital","status":"publish","type":"post","link":"https:\/\/www.lintelligentdabidjan.info\/news\/vrai-faux-scandale-a-bingerville-la-femme-enceinte-nest-pas-morte-a-lhopital\/","title":{"rendered":"Vrai faux scandale \u00e0 Bingerville : la femme enceinte n\u2019est pas morte \u00e0 l\u2019h\u00f4pital"},"content":{"rendered":"<p><em><strong>Dro Satty Claudine, \u00e2g\u00e9e de 37 ans et porteuse d\u2019une grossesse est d\u00e9c\u00e9d\u00e9e le mercredi 24 juillet 2019. La v\u00e9rit\u00e9 des faits sur cette affaire dans laquelle l\u2019h\u00f4pital g\u00e9n\u00e9ral de Bingerville est incrimin\u00e9.<\/strong><\/em><\/p>\n<p>L\u2019h\u00f4pital g\u00e9n\u00e9ral de Bingerville avait \u00e9t\u00e9 accus\u00e9e d\u2019\u00eatre responsable du d\u00e9c\u00e8s de Dro Satty Claudine, pour  n\u00e9gligence lors de son transfert \u00e0 l\u2019h\u00f4pital. Selon des responsables de l\u2019h\u00f4pital , la dame avait d\u00e9j\u00e0 rendu l\u2019\u00e2me dans le v\u00e9hicule la transportant. <\/p>\n<p>Madame Fondio, n\u00e9e Tan Nathalie, directrice de l\u2019h\u00f4pital g\u00e9n\u00e9ral de Bingerville t\u00e9moigne  : \u00ab Ce qui s\u2019est effectivement d\u00e9roul\u00e9, c\u2019est que le mercredi 24 juillet, aux environs de 11h, un taxi compteur a transport\u00e9 la dame en question sur l\u2019h\u00f4pital g\u00e9n\u00e9ral de Bingerville, et chemin faisant selon les propos des parents, la dame est d\u00e9c\u00e9d\u00e9e. Arriv\u00e9 \u00e0 notre niveau, nous n\u2019avons eu qu\u2019\u00e0 faire le constat du d\u00e9c\u00e8s dans le taxi par un gyn\u00e9cologue. On n\u2019a pas pu admettre la dame au sein de la salle d\u2019accouchement de l\u2019h\u00f4pital. Et la proc\u00e9dure en la mati\u00e8re, c\u2019est que nous avons signal\u00e9 cela \u00e0 la police de Bingerville et une r\u00e9quisition a \u00e9t\u00e9 faite. Les policiers sont venus, et ils ont interrog\u00e9 les parents et le personnel de sant\u00e9. Apr\u00e8s cette \u00e9tape, le corps a \u00e9t\u00e9 transf\u00e9r\u00e9 directement \u00e0 la morgue de Bingerville. Tout ce que nous avons fait, c\u2019est le constat du d\u00e9c\u00e8s \u00bb. <\/p>\n<p><strong>[ Dr Koffi Aka Charles, directeur r\u00e9gional d\u2019Abidjan 2 : \u00ab elle avait un probl\u00e8me cardiaque. Nous avons d\u00e9pos\u00e9 une plainte \u00e0 la police \u00bb]<\/strong><br \/>\n<img loading=\"lazy\" decoding=\"async\" src=\"https:\/\/www.lintelligentdabidjan.info\/news\/wp-content\/uploads\/2019\/07\/hopital-300x225.jpg\" alt=\"hopital\" width=\"300\" height=\"225\" class=\"alignnone size-medium wp-image-15196\" srcset=\"https:\/\/www.lintelligentdabidjan.info\/news\/wp-content\/uploads\/2019\/07\/hopital-300x225.jpg 300w, https:\/\/www.lintelligentdabidjan.info\/news\/wp-content\/uploads\/2019\/07\/hopital-768x576.jpg 768w, https:\/\/www.lintelligentdabidjan.info\/news\/wp-content\/uploads\/2019\/07\/hopital-1024x768.jpg 1024w, https:\/\/www.lintelligentdabidjan.info\/news\/wp-content\/uploads\/2019\/07\/hopital-80x60.jpg 80w, https:\/\/www.lintelligentdabidjan.info\/news\/wp-content\/uploads\/2019\/07\/hopital-265x198.jpg 265w, https:\/\/www.lintelligentdabidjan.info\/news\/wp-content\/uploads\/2019\/07\/hopital-696x522.jpg 696w, https:\/\/www.lintelligentdabidjan.info\/news\/wp-content\/uploads\/2019\/07\/hopital-1068x801.jpg 1068w, https:\/\/www.lintelligentdabidjan.info\/news\/wp-content\/uploads\/2019\/07\/hopital-560x420.jpg 560w, https:\/\/www.lintelligentdabidjan.info\/news\/wp-content\/uploads\/2019\/07\/hopital.jpg 1080w\" sizes=\"auto, (max-width: 300px) 100vw, 300px\" \/><\/p>\n<p>Dr Koffi Ala Charles, premier responsable du district sanitaire duquel d\u00e9pend l\u2019h\u00f4pital incrimin\u00e9 a indiqu\u00e9 : \u00ab C\u2019est avec beaucoup de tristesse que nous avons v\u00e9cu cette situation sur les r\u00e9seaux sociaux qui jette l\u2019opprobre sur l\u2019h\u00f4pital g\u00e9n\u00e9ral de Bingerville. Mais \u00e9galement sur l\u2019ensemble du minist\u00e8re de la sant\u00e9. Le ministre de la sant\u00e9 depuis qu\u2019il a pris fonction ne cesse de nous r\u00e9p\u00e9ter qu\u2019il faut pratiquer une m\u00e9decine de proximit\u00e9, il faut humaniser les soins que nous prodiguons \u00e0 nos parents. Nous m\u00eame en tant que m\u00e9decin, nous savons que personne ne vient \u00e0 l\u2019h\u00f4pital parce qu\u2019il est content. Quand on vient \u00e0 l\u2019h\u00f4pital, c\u2019est qu\u2019on est dans une situation de d\u00e9tresse. On vient pour demander le secours du personnel pour sortir de cette situation de d\u00e9tresse. Il peut arriver que dans l\u2019exercice de notre m\u00e9tier, on puisse commettre des erreurs, mais dans notre domaine qui est un domaine tr\u00e8s sensible, il faut tout faire pour commettre le moins d\u2019erreur possible, parce que nos erreurs ne sont pas rattrapables. Dans le m\u00eame temps que nous veillons \u00e0 ce que les directives du minist\u00e8re soient respect\u00e9es, dans le m\u00eame temps, nous pensons que nos populations doivent faire attention \u00e0 tout ce qu\u2019ils peuvent publier \u00bb. <\/p>\n<p>Il a ajout\u00e9 : \u00ab Cette femme enceinte n\u2019\u00e9tait pas en travail parce qu\u2019elle n\u2019\u00e9tait pas \u00e0 terme, mais elle a \u00e9t\u00e9 prise de malaise \u00e0 la maison. Il ressort dans son carnet apr\u00e8s consultation que cette femme a un probl\u00e8me d\u2019hypertension, elle a un probl\u00e8me cardiaque, et elle a m\u00eame \u00e9t\u00e9 r\u00e9f\u00e9r\u00e9e chez un cardiologue. Malheureusement, elle n\u2019est pas venue pour rencontrer le cardiologue. Les agents de sant\u00e9 n\u2019ont eu aucune responsabilit\u00e9 dans le d\u00e9c\u00e8s de cette dame. Nous avons port\u00e9 une plainte \u00e0 la police. Pour la suite judiciaire, la hi\u00e9rarchie va appr\u00e9cier \u00bb.<br \/>\n<strong><br \/>\nOu\u00e9draogo Ars\u00e8ne \u00e0 propos de la publication des photos sur les r\u00e9seaux sociaux : \u00ab je ne sais pas comment qui l\u2019a fait \u00bb<\/strong><\/p>\n<p>Pour Ou\u00e9draogo Ars\u00e8ne responsable de la morgue PFGA de Bingerville, la prise des photos des b\u00e9b\u00e9s vus sur les r\u00e9seaux sociaux n\u2019est pas le fait de ses services : \u00ab Quand le corps est arriv\u00e9, on les a conduits vers la police pour constater le d\u00e9c\u00e8s, et quand ils ont \u00e9tabli le certificat de d\u00e9c\u00e8s, le m\u00eame jour ils ont demand\u00e9 \u00e0 enterrer le corps, mais je ai leur dit  qu\u2019il y a d\u2019autres d\u00e9clarations \u00e0 faire au niveau de la mairie.  Mais il y a un de mes coll\u00e8gues qui a dit qu\u2019on ne peut pas enterrer la m\u00e8re sans enlever les enfants. C\u2019est comme \u00e7a que les enfants ont \u00e9t\u00e9 extraits avant de les enterrer le lendemain. Pour la photo, je ne sais pas qui l\u2019a faite . Les parents ont demand\u00e9 qu\u2019on ouvre le cercueil.  Et pendant ce temps, nous \u00e9tions occup\u00e9s \u00e0 faire autre chose \u00bb.<\/p>\n<p><strong>Les v\u00e9rit\u00e9s de Dehi Pierre, vice-pr\u00e9sident de la communaut\u00e9 Yacouba de Bingerville: <\/strong><\/p>\n<p>Dehi Pierre, vice-pr\u00e9sident de la communaut\u00e9 ethnique de la d\u00e9funte, a r\u00e9v\u00e9l\u00e9 : \u00ab Elle \u00e9tait cardiaque et elle tra\u00eenait cette maladie. La grossesse \u00e9tait tr\u00e8s avanc\u00e9e et depuis la maison, elle \u00e9tait d\u00e9j\u00e0 tomb\u00e9e. Le temps de faire l\u2019acheminement pour quelqu\u2019un qui  \u00e9tait cardiaque, ce n\u2019\u00e9tait pas facile. Quand les faits se passaient, son mari \u00e9tait au travail. C\u2019est moi-m\u00eame qui \u00e9tais en train d\u2019intervenir parce que la communaut\u00e9 des femmes Yacouba de Danan\u00e9 est venue me voir pour dire que ce n\u2019est pas int\u00e9ressant que l\u2019enfant reste dans le ventre pour une femme qui est d\u00e9c\u00e9d\u00e9e dans de telles conditions. Donc il faut retirer l\u2019enfant avant de faire l\u2019enterrement. Donc j\u2019\u00e9tais oblig\u00e9 encore d\u2019intervenir m\u00eame au niveau de la morgue. Comme j\u2019ai un de mes petits qui travaillent au niveau de la morgue, je suis intervenu pour extraire l\u2019enfant du ventre. C\u2019est ce qui a \u00e9t\u00e9 fait.  Elle avait d\u00e9j\u00e0 deux enfants \u00bb.<\/p>\n<p><strong>Marc Groghue, doctorant en \u00e9conomie l\u2019auteur de l\u2019article avoue : \u00ab je demande pardon \u00bb<\/strong><\/p>\n<p>Marc Groghue, l\u2019auteur de la publication qui a \u00e9t\u00e9 interpell\u00e9 par les responsables de l\u2019h\u00f4pital, a reconnu l\u2019inexactitude de l\u2019information : \u00ab Je demande pardon. Je ne suis pas l\u2019auteur direct du post. Il y a eu une premi\u00e8re publication que j\u2019ai r\u00e9cup\u00e9r\u00e9e et fait des ajouts \u00bb.<\/p>\n<p><strong>Ernest F<\/strong><\/p>\n","protected":false},"excerpt":{"rendered":"<p>Dro Satty Claudine, \u00e2g\u00e9e de 37 ans et porteuse d\u2019une grossesse est d\u00e9c\u00e9d\u00e9e le mercredi 24 juillet 2019. La v\u00e9rit\u00e9 des faits sur cette affaire dans laquelle l\u2019h\u00f4pital g\u00e9n\u00e9ral de Bingerville est incrimin\u00e9. L\u2019h\u00f4pital g\u00e9n\u00e9ral de Bingerville avait \u00e9t\u00e9 accus\u00e9e d\u2019\u00eatre responsable du d\u00e9c\u00e8s de Dro Satty Claudine, pour n\u00e9gligence lors de son transfert \u00e0 [&hellip;]<\/p>\n","protected":false},"author":3,"featured_media":15193,"comment_status":"closed","ping_status":"closed","sticky":false,"template":"","format":"standard","meta":{"_monsterinsights_skip_tracking":false,"_monsterinsights_sitenote_active":false,"_monsterinsights_sitenote_note":"","_monsterinsights_sitenote_category":0,"footnotes":""},"categories":[2,22],"tags":[],"class_list":["post-15190","post","type-post","status-publish","format-standard","has-post-thumbnail","hentry","category-featured","category-dossiers"],"_links":{"self":[{"href":"https:\/\/www.lintelligentdabidjan.info\/news\/wp-json\/wp\/v2\/posts\/15190","targetHints":{"allow":["GET"]}}],"collection":[{"href":"https:\/\/www.lintelligentdabidjan.info\/news\/wp-json\/wp\/v2\/posts"}],"about":[{"href":"https:\/\/www.lintelligentdabidjan.info\/news\/wp-json\/wp\/v2\/types\/post"}],"author":[{"embeddable":true,"href":"https:\/\/www.lintelligentdabidjan.info\/news\/wp-json\/wp\/v2\/users\/3"}],"replies":[{"embeddable":true,"href":"https:\/\/www.lintelligentdabidjan.info\/news\/wp-json\/wp\/v2\/comments?post=15190"}],"version-history":[{"count":3,"href":"https:\/\/www.lintelligentdabidjan.info\/news\/wp-json\/wp\/v2\/posts\/15190\/revisions"}],"predecessor-version":[{"id":15197,"href":"https:\/\/www.lintelligentdabidjan.info\/news\/wp-json\/wp\/v2\/posts\/15190\/revisions\/15197"}],"wp:featuredmedia":[{"embeddable":true,"href":"https:\/\/www.lintelligentdabidjan.info\/news\/wp-json\/wp\/v2\/media\/15193"}],"wp:attachment":[{"href":"https:\/\/www.lintelligentdabidjan.info\/news\/wp-json\/wp\/v2\/media?parent=15190"}],"wp:term":[{"taxonomy":"category","embeddable":true,"href":"https:\/\/www.lintelligentdabidjan.info\/news\/wp-json\/wp\/v2\/categories?post=15190"},{"taxonomy":"post_tag","embeddable":true,"href":"https:\/\/www.lintelligentdabidjan.info\/news\/wp-json\/wp\/v2\/tags?post=15190"}],"curies":[{"name":"wp","href":"https:\/\/api.w.org\/{rel}","templated":true}]}}