{"id":15244,"date":"2019-08-01T01:24:57","date_gmt":"2019-07-31T23:24:57","guid":{"rendered":"https:\/\/www.lintelligentdabidjan.info\/news\/?p=15244"},"modified":"2019-08-01T02:01:34","modified_gmt":"2019-08-01T00:01:34","slug":"mouvement-proche-de-sorolang-gks-lance-un-appel-a-bedie-et-gbagbo","status":"publish","type":"post","link":"https:\/\/www.lintelligentdabidjan.info\/news\/mouvement-proche-de-sorolang-gks-lance-un-appel-a-bedie-et-gbagbo\/","title":{"rendered":"Mouvement proche de Soro:L&#8217;ANG-GKS lance un appel \u00e0 B\u00e9di\u00e9 et Gbagbo"},"content":{"rendered":"<p><em><strong><br \/>\nLe samedi 27 juillet 2019, un h\u00f4tel sis \u00e0 la Riviera Palmeraie \u00e0 Cocody,  a abrit\u00e9 l&#8217;AG extraordinaire d&#8217;un mouvement proche de Soro Guillaume d\u00e9nomm\u00e9 l&#8217;ANG-GKS (Alliance de la Nouvelle G\u00e9n\u00e9ration pour Guillaume Kigbafori Soro.<\/strong><\/em><\/p>\n<p>Cette rencontre avait pour th\u00e8me  : &#8220;Quelle ANG-GKS face au d\u00e9fi de la r\u00e9conciliation vraie pour une C\u00f4te d&#8217;Ivoire en paix \u00e0 l&#8217;horizon 2020&#8243;.<br \/>\nLe pr\u00e9sident national de l&#8217;ANG-GKS Kissinpena Ouattara  a insist\u00e9 sur le rassemblement des ivoiriens pour la paix et la r\u00e9conciliation vraie en  C\u00f4te d&#8217;Ivoire.  &#8221; L&#8217;ANG-GKS est un mouvement politique qui a \u00e9t\u00e9 port\u00e9 sous les fonts baptismaux en Avril 2016. Nous saluons du haut de cette tribune le pr\u00e9sident Guillaume Kigbafori Soro, grand homme de paix, homme politique hors pair. <\/p>\n<p>Relativement \u00e0 ses visions et ses convictions, notre mouvement s&#8217;est reconnu dans les id\u00e9aux  de ce grand homme d&#8217;Etat. D\u00e8s lors, nous l&#8217;avons choisi comme un mod\u00e8le et leader. Nous nous engageons \u00e0 l\u2019accompagner dans toutes ses actions politiques et  sociales. La C\u00f4te d&#8217;Ivoire que nous voulons aujourd&#8217;hui et demain, c&#8217;est celle o\u00f9 le b\u00e9t\u00e9 se sent chez lui \u00e0 Korhogo, le s\u00e9noufo se sent chez lui \u00e0 Toul\u00e9pleu, le gu\u00e9r\u00e9 se sent chez lui \u00e0 Abengourou, le baoul\u00e9 se sent chez lui \u00e0 Odienn\u00e9, le gouro se sent chez lui \u00e0 Katiola. Je voulais lancer ce matin un appel solennel aux uns et aux autres de s&#8217;approprier les notions de paix, de pardon et de r\u00e9conciliation .<\/p>\n<p>Nous allons sillonner les prochains jours tout le territoire national pour parler de paix et de r\u00e9conciliation. Nous demandons aux chefs religieux et chefs traditionnels de continuer \u00e0 cr\u00e9er les conditions de la coh\u00e9sion sociale entre leurs diff\u00e9rentes populations Nous demandons aux pr\u00e9sidents B\u00e9di\u00e9 et Gbagbo de continuer \u00e0 pr\u00eacher le rassemblement des ivoiriens pour la paix et la r\u00e9conciliation. Papa Guillaume Kibafori Soro, continuez votre mission de paix que Dieu vous a confi\u00e9e pour les diff\u00e9rentes populations dont vous avez la charge \u00bb, a-t-il dit .<\/p>\n<p><strong>Sosth\u00e8ne  Do<\/strong><\/p>\n","protected":false},"excerpt":{"rendered":"<p>Le samedi 27 juillet 2019, un h\u00f4tel sis \u00e0 la Riviera Palmeraie \u00e0 Cocody, a abrit\u00e9 l&#8217;AG extraordinaire d&#8217;un mouvement proche de Soro Guillaume d\u00e9nomm\u00e9 l&#8217;ANG-GKS (Alliance de la Nouvelle G\u00e9n\u00e9ration pour Guillaume Kigbafori Soro. Cette rencontre avait pour th\u00e8me : &#8220;Quelle ANG-GKS face au d\u00e9fi de la r\u00e9conciliation vraie pour une C\u00f4te d&#8217;Ivoire en [&hellip;]<\/p>\n","protected":false},"author":3,"featured_media":15252,"comment_status":"closed","ping_status":"closed","sticky":false,"template":"","format":"standard","meta":{"footnotes":""},"categories":[2,17],"tags":[],"class_list":["post-15244","post","type-post","status-publish","format-standard","has-post-thumbnail","hentry","category-featured","category-politique"],"_links":{"self":[{"href":"https:\/\/www.lintelligentdabidjan.info\/news\/wp-json\/wp\/v2\/posts\/15244","targetHints":{"allow":["GET"]}}],"collection":[{"href":"https:\/\/www.lintelligentdabidjan.info\/news\/wp-json\/wp\/v2\/posts"}],"about":[{"href":"https:\/\/www.lintelligentdabidjan.info\/news\/wp-json\/wp\/v2\/types\/post"}],"author":[{"embeddable":true,"href":"https:\/\/www.lintelligentdabidjan.info\/news\/wp-json\/wp\/v2\/users\/3"}],"replies":[{"embeddable":true,"href":"https:\/\/www.lintelligentdabidjan.info\/news\/wp-json\/wp\/v2\/comments?post=15244"}],"version-history":[{"count":1,"href":"https:\/\/www.lintelligentdabidjan.info\/news\/wp-json\/wp\/v2\/posts\/15244\/revisions"}],"predecessor-version":[{"id":15245,"href":"https:\/\/www.lintelligentdabidjan.info\/news\/wp-json\/wp\/v2\/posts\/15244\/revisions\/15245"}],"wp:featuredmedia":[{"embeddable":true,"href":"https:\/\/www.lintelligentdabidjan.info\/news\/wp-json\/wp\/v2\/media\/15252"}],"wp:attachment":[{"href":"https:\/\/www.lintelligentdabidjan.info\/news\/wp-json\/wp\/v2\/media?parent=15244"}],"wp:term":[{"taxonomy":"category","embeddable":true,"href":"https:\/\/www.lintelligentdabidjan.info\/news\/wp-json\/wp\/v2\/categories?post=15244"},{"taxonomy":"post_tag","embeddable":true,"href":"https:\/\/www.lintelligentdabidjan.info\/news\/wp-json\/wp\/v2\/tags?post=15244"}],"curies":[{"name":"wp","href":"https:\/\/api.w.org\/{rel}","templated":true}]}}