{"id":1535,"date":"2016-11-18T00:39:41","date_gmt":"2016-11-17T23:39:41","guid":{"rendered":"http:\/\/www.lintelligentdabidjan.info\/news\/?p=1535"},"modified":"2016-11-18T00:39:41","modified_gmt":"2016-11-17T23:39:41","slug":"interdiction-de-commercialisation-des-boissons-sachets-plastiques-soumahoro-ben-nfaly-demande-a-letat-dappliquer-la-decision","status":"publish","type":"post","link":"https:\/\/www.lintelligentdabidjan.info\/news\/interdiction-de-commercialisation-des-boissons-sachets-plastiques-soumahoro-ben-nfaly-demande-a-letat-dappliquer-la-decision\/","title":{"rendered":"Interdiction de commercialisation des boissons sachets plastiques : Soumahoro Ben N\u2019Faly demande \u00e0 l\u2019Etat d\u2019appliquer la d\u00e9cision"},"content":{"rendered":"<p>Soumahoro Ben N\u2019Faly, pr\u00e9sident de l\u2019association des consommateurs \u2018\u2019Le r\u00e9veil\u2019\u2019 s\u2019est prononc\u00e9 sur la r\u00e9cente mesure du gouvernement prise en Conseil des ministres le mercredi 09 novembre 2016 et interdisant l\u2019importation, la production et la commercialisation des boissons en sachets plastiques. <!--more--><\/p>\n<p>Interrog\u00e9 sur le sujet, Soumahoro Ben N\u2019Faly salue cette d\u00e9cision gouvernementale. Toutefois, il d\u00e9nonce le laxisme de l\u2019Etat \u00e0 appliquer ses d\u00e9cisions. \u00ab  En m\u00eame temps qu\u2019il faut annoncer les mesures, il faut un suivi. Malheureusement, beaucoup de d\u00e9cisions sont prises, mais il n\u2019y a pas de suivi. Cela est dommage. Il y a certes le manque de civisme au niveau de la population, mais l\u2019Etat doit prendre ses responsabilit\u00e9s \u00bb, a d\u00e9plor\u00e9 le pr\u00e9sident Soumahoro. Pour lui, cette d\u00e9cision vient \u00e0 point nomm\u00e9 et m\u00e9rite d\u2019\u00eatre appliqu\u00e9e car, les populations sont expos\u00e9es \u00e0 toutes de dangers du fait de la consommation de ces boissons par les conducteurs de v\u00e9hicules de transport. \u00ab Quant on voit nos jeunes fr\u00e8res chauffeurs de Gbaka ou de taxis W\u00f4r\u00f4-w\u00f4r\u00f4 en pleine conduite en train de vider ces sachets, cela veut dire que la vie des usagers est en danger. Nous ne sommes pas en s\u00e9curit\u00e9 \u00bb a-t-il indiqu\u00e9. Il a \u00e9galement fait savoir que ces boisons constituent une menace de sant\u00e9 publique pour les consommateurs : \u00ab  deuxi\u00e8mement, ces boissons sont frelat\u00e9es puisqu\u2019elles sont fabriqu\u00e9es sur place. Il y a beaucoup de d\u00e9cisions annonc\u00e9es mais qui ne sont pas appliqu\u00e9es. Nous n\u2019avons donc pas le courage de d\u00e9noncer certaines choses, car quant on d\u00e9nonce et qu\u2019il y a une r\u00e9action, vous \u00eates tent\u00e9 d\u2019aller d\u00e9noncer les pratiques anormales \u00bb a-t-il ajout\u00e9. Il a demand\u00e9 aux personnes qui faisaient de ces sachets d\u2019alcool une activit\u00e9 commerciale de se reconvertir dans d\u2019autres domaines. \u00ab Je refuse de voir les int\u00e9r\u00eats d\u2019une minorit\u00e9 face \u00e0 l\u2019int\u00e9r\u00eat g\u00e9n\u00e9ral. Ce n\u2019est pas la seule activit\u00e9. A partir du moment o\u00f9 cela d\u00e9truit la vie des consommateurs. Les gens peuvent entreprendre autre chose.<\/p>\n<p>Ernest Famin<\/p>\n","protected":false},"excerpt":{"rendered":"<p>Soumahoro Ben N\u2019Faly, pr\u00e9sident de l\u2019association des consommateurs \u2018\u2019Le r\u00e9veil\u2019\u2019 s\u2019est prononc\u00e9 sur la r\u00e9cente mesure du gouvernement prise en Conseil des ministres le mercredi 09 novembre 2016 et interdisant l\u2019importation, la production et la commercialisation des boissons en sachets plastiques.<\/p>\n","protected":false},"author":2,"featured_media":1536,"comment_status":"closed","ping_status":"closed","sticky":false,"template":"","format":"standard","meta":{"_monsterinsights_skip_tracking":false,"_monsterinsights_sitenote_active":false,"_monsterinsights_sitenote_note":"","_monsterinsights_sitenote_category":0,"footnotes":""},"categories":[3],"tags":[],"class_list":["post-1535","post","type-post","status-publish","format-standard","has-post-thumbnail","hentry","category-societe"],"_links":{"self":[{"href":"https:\/\/www.lintelligentdabidjan.info\/news\/wp-json\/wp\/v2\/posts\/1535","targetHints":{"allow":["GET"]}}],"collection":[{"href":"https:\/\/www.lintelligentdabidjan.info\/news\/wp-json\/wp\/v2\/posts"}],"about":[{"href":"https:\/\/www.lintelligentdabidjan.info\/news\/wp-json\/wp\/v2\/types\/post"}],"author":[{"embeddable":true,"href":"https:\/\/www.lintelligentdabidjan.info\/news\/wp-json\/wp\/v2\/users\/2"}],"replies":[{"embeddable":true,"href":"https:\/\/www.lintelligentdabidjan.info\/news\/wp-json\/wp\/v2\/comments?post=1535"}],"version-history":[{"count":1,"href":"https:\/\/www.lintelligentdabidjan.info\/news\/wp-json\/wp\/v2\/posts\/1535\/revisions"}],"predecessor-version":[{"id":1537,"href":"https:\/\/www.lintelligentdabidjan.info\/news\/wp-json\/wp\/v2\/posts\/1535\/revisions\/1537"}],"wp:featuredmedia":[{"embeddable":true,"href":"https:\/\/www.lintelligentdabidjan.info\/news\/wp-json\/wp\/v2\/media\/1536"}],"wp:attachment":[{"href":"https:\/\/www.lintelligentdabidjan.info\/news\/wp-json\/wp\/v2\/media?parent=1535"}],"wp:term":[{"taxonomy":"category","embeddable":true,"href":"https:\/\/www.lintelligentdabidjan.info\/news\/wp-json\/wp\/v2\/categories?post=1535"},{"taxonomy":"post_tag","embeddable":true,"href":"https:\/\/www.lintelligentdabidjan.info\/news\/wp-json\/wp\/v2\/tags?post=1535"}],"curies":[{"name":"wp","href":"https:\/\/api.w.org\/{rel}","templated":true}]}}