{"id":15385,"date":"2019-08-09T01:07:51","date_gmt":"2019-08-08T23:07:51","guid":{"rendered":"https:\/\/www.lintelligentdabidjan.info\/news\/?p=15385"},"modified":"2019-08-09T02:38:24","modified_gmt":"2019-08-09T00:38:24","slug":"commerce-internationalwashington-et-lafrique-sengagent-dans-une-dynamique-de-capitalisation-des-opportunites","status":"publish","type":"post","link":"https:\/\/www.lintelligentdabidjan.info\/news\/commerce-internationalwashington-et-lafrique-sengagent-dans-une-dynamique-de-capitalisation-des-opportunites\/","title":{"rendered":"Commerce international:Washington et l\u2019Afrique s\u2019engagent dans une dynamique de capitalisation des opportunit\u00e9s"},"content":{"rendered":"<p><em><strong>Les lampions se sont \u00e9teints sur la 18\u00e8me \u00e9dition du Forum sur l\u2019African Growth and Opportunity Act (AGOA), le mardi 6 ao\u00fbt 2019 \u00e0 Abidjan, la capitale \u00e9conomique et administrative de la C\u00f4te d\u2019Ivoire.<\/strong><\/em><\/p>\n<p>Tibor Nagy,  Secr\u00e9taire d\u2019\u00c9tat Adjoint aux Affaires Africaines des Etats-Unis, repr\u00e9sentant l\u2019administration du Pr\u00e9sident Donald Trump et Souleymane Diarrassouba, ministre du Commerce, de l\u2019Industrie et de la Promotion des PME, repr\u00e9sentant le Premier ministre ivoirien, Amadou Gon Coulibaly ont pr\u00e9sid\u00e9 la c\u00e9r\u00e9monie de cl\u00f4ture de ce forum, ouvert le 5 ao\u00fbt dernier par le Pr\u00e9sident de la R\u00e9publique, Alassane Ouattara. D\u2019importantes d\u00e9cisions ont sanctionn\u00e9 ces trois jours de travaux entre les repr\u00e9sentants des 39 pays \u00e9ligibles \u00e0 l\u2019AGOA et  ceux  de l\u2019administration am\u00e9ricaine. Devant plus de 1. 000 participants, le Secr\u00e9taire d\u2019Etat Adjoint Tibor Nagy a exprim\u00e9  sa vision des \u00e9changes commerciaux entre les Etats-Unis et l\u2019Afrique : \u00ab Je dis toujours que nous devons voir l\u2019Afrique \u00e0 travers le pare-brise et non le r\u00e9troviseur. Cette affirmation illustre pour moi la promesse que repr\u00e9sente l\u2019Afrique \u00bb. L\u2019ambassadeur Nagy a \u00e9galement exprim\u00e9 sa satisfaction de voir les activit\u00e9s commerciales des pays b\u00e9n\u00e9ficiaires de l\u2019AGOA se d\u00e9velopper au fil des ann\u00e9es, donnant l\u2019exemple du commerce non-p\u00e9trolier, qui a augment\u00e9 de plus de 300% depuis 2001 et dont le d\u00e9veloppement a contribu\u00e9 \u00e0 cr\u00e9er pr\u00e8s de 300.000 emplois directs dans les pays b\u00e9n\u00e9ficiaires. <\/p>\n<p>Le Secr\u00e9taire d\u2019Etat Adjoint a expliqu\u00e9 que la nouvelle strat\u00e9gie de l\u2019administration Trump pour l\u2019Afrique, \u00e9l\u00e8ve la relation des \u00c9tats-Unis avec le continent africain, \u00e0 une toute nouvelle \u00e9chelle, \u00e0 laquelle les \u00e9changes commerciaux et les investissements avec l\u2019Afrique constituent une priorit\u00e9.  Il a \u00e9galement mis l\u2019accent sur l\u2019importance de la jeunesse africaine et de la promotion de la paix et de la s\u00e9curit\u00e9, dans l\u2019\u00e9tablissement d\u2019un environnement stable et attrayant pour les investissements. \u00ab L\u2019engagement \u00e9conomique des \u00c9tats-Unis en Afrique ne se limite pas \u00e0 l\u2019AGOA, il y a  l\u2019initiative \u00ab Prosper Africa \u00bb, qui soutient les importateurs et les exportateurs africains, et stimule les investissements en \u00e9tablissant des \u00e9quipes de facilitation des affaires dans les ambassades am\u00e9ricaines \u00e0 travers le continent. Avec ces engagements et le succ\u00e8s durable de l\u2019AGOA, nous pouvons continuer \u00e0 capitaliser sur une coop\u00e9ration approfondie et des opportunit\u00e9s d\u2019\u00e9changes commerciaux et d\u2019investissements  \u00bb, a mentionn\u00e9 l\u2019ambassadeur Nagy.  <\/p>\n<p>Les acquis pour la C\u00f4te d\u2019Ivoire <\/p>\n<p>La coop\u00e9ration entre les \u00c9tats-Unis et l\u2019Afrique s\u2019est \u00e9galement illustr\u00e9e lors de ce forum, avec l&#8217;entr\u00e9e en vigueur du Programme compact conclu entre l&#8217;agence gouvernementale am\u00e9ricaine Millennium Challenge Corporation (MCC) et la C\u00f4te d&#8217;Ivoire, en pr\u00e9sence de Sean Cairncross, le Directeur g\u00e9n\u00e9ral de MCC et du Pr\u00e9sident de la R\u00e9publique de C\u00f4te d&#8217;Ivoire, Alassane Ouattara. Cette entr\u00e9e en vigueur du Compact marque officiellement le d\u00e9but de la p\u00e9riode de 5 ans pr\u00e9vue pour la mise en \u0153uvre de ce programme, d\u2019un montant de 525 millions de dollars, visant \u00e0 soutenir la croissance et encourager les investissements priv\u00e9s en renfor\u00e7ant les capacit\u00e9s de la main-d&#8217;\u0153uvre, en r\u00e9duisant les co\u00fbts de transport et en ouvrant de nouveaux march\u00e9s. Au nom du Pr\u00e9sident de la R\u00e9publique et du Premier ministre de C\u00f4te d\u2019Ivoire, le ministre Souleymane Diarrassouba a rappel\u00e9 les enjeux de ce forum : \u00ab L\u2019essentiel de nos \u00e9changes au cours de ces trois journ\u00e9es a port\u00e9 sur la n\u00e9cessit\u00e9 de trouver des r\u00e9ponses appropri\u00e9es aux d\u00e9fis qui emp\u00eachent encore les \u00c9tats africains \u00e9ligibles \u00e0 l\u2019AGOA et les \u00c9tats-Unis de tirer mutuellement et pleinement profit de ce formidable outil de coop\u00e9ration \u00e9conomique.<\/p>\n<p>Je rel\u00e8ve, avec satisfaction, que les conclusions du 18\u00e8me Forum de l\u2019AGOA sont particuli\u00e8rement encourageantes et nous montrent, \u00e0 la fois, les \u00e9tapes que nous avons d\u00e9j\u00e0 franchies, mais aussi le chemin qui nous reste \u00e0 parcourir pour atteindre un nouveau palier dans la promotion des \u00e9changes commerciaux entre les pays d\u2019Afrique subsaharienne et les \u00c9tats-Unis. nous avons \u00e9labor\u00e9 et pr\u00e9sent\u00e9 \u00e0 la partie am\u00e9ricaine des recommandations actionnables portant sur l\u2019\u00e9laboration et l\u2019ex\u00e9cution optimale de nos strat\u00e9gies nationales d\u2019intervention dans le cadre de l\u2019AGOA, sur les nouvelles politiques des \u00c9tats-Unis en mati\u00e8re de commerce et d\u2019investissement en Afrique et sur le suivi de leur mise en \u0153uvre\u00bb.  <\/p>\n<p><strong>Olivier Dion<\/strong><\/p>\n","protected":false},"excerpt":{"rendered":"<p>Les lampions se sont \u00e9teints sur la 18\u00e8me \u00e9dition du Forum sur l\u2019African Growth and Opportunity Act (AGOA), le mardi 6 ao\u00fbt 2019 \u00e0 Abidjan, la capitale \u00e9conomique et administrative de la C\u00f4te d\u2019Ivoire. Tibor Nagy, Secr\u00e9taire d\u2019\u00c9tat Adjoint aux Affaires Africaines des Etats-Unis, repr\u00e9sentant l\u2019administration du Pr\u00e9sident Donald Trump et Souleymane Diarrassouba, ministre du [&hellip;]<\/p>\n","protected":false},"author":3,"featured_media":15397,"comment_status":"closed","ping_status":"closed","sticky":false,"template":"","format":"standard","meta":{"_monsterinsights_skip_tracking":false,"_monsterinsights_sitenote_active":false,"_monsterinsights_sitenote_note":"","_monsterinsights_sitenote_category":0,"footnotes":""},"categories":[2,18],"tags":[],"class_list":["post-15385","post","type-post","status-publish","format-standard","has-post-thumbnail","hentry","category-featured","category-economie"],"_links":{"self":[{"href":"https:\/\/www.lintelligentdabidjan.info\/news\/wp-json\/wp\/v2\/posts\/15385","targetHints":{"allow":["GET"]}}],"collection":[{"href":"https:\/\/www.lintelligentdabidjan.info\/news\/wp-json\/wp\/v2\/posts"}],"about":[{"href":"https:\/\/www.lintelligentdabidjan.info\/news\/wp-json\/wp\/v2\/types\/post"}],"author":[{"embeddable":true,"href":"https:\/\/www.lintelligentdabidjan.info\/news\/wp-json\/wp\/v2\/users\/3"}],"replies":[{"embeddable":true,"href":"https:\/\/www.lintelligentdabidjan.info\/news\/wp-json\/wp\/v2\/comments?post=15385"}],"version-history":[{"count":1,"href":"https:\/\/www.lintelligentdabidjan.info\/news\/wp-json\/wp\/v2\/posts\/15385\/revisions"}],"predecessor-version":[{"id":15387,"href":"https:\/\/www.lintelligentdabidjan.info\/news\/wp-json\/wp\/v2\/posts\/15385\/revisions\/15387"}],"wp:featuredmedia":[{"embeddable":true,"href":"https:\/\/www.lintelligentdabidjan.info\/news\/wp-json\/wp\/v2\/media\/15397"}],"wp:attachment":[{"href":"https:\/\/www.lintelligentdabidjan.info\/news\/wp-json\/wp\/v2\/media?parent=15385"}],"wp:term":[{"taxonomy":"category","embeddable":true,"href":"https:\/\/www.lintelligentdabidjan.info\/news\/wp-json\/wp\/v2\/categories?post=15385"},{"taxonomy":"post_tag","embeddable":true,"href":"https:\/\/www.lintelligentdabidjan.info\/news\/wp-json\/wp\/v2\/tags?post=15385"}],"curies":[{"name":"wp","href":"https:\/\/api.w.org\/{rel}","templated":true}]}}