{"id":1547,"date":"2016-11-18T09:13:47","date_gmt":"2016-11-18T08:13:47","guid":{"rendered":"http:\/\/www.lintelligentdabidjan.info\/news\/?p=1547"},"modified":"2016-11-18T09:13:47","modified_gmt":"2016-11-18T08:13:47","slug":"festival-numerique-levenement-aura-bel-et-bien-lieu-aux-dates-prevues","status":"publish","type":"post","link":"https:\/\/www.lintelligentdabidjan.info\/news\/festival-numerique-levenement-aura-bel-et-bien-lieu-aux-dates-prevues\/","title":{"rendered":"Festival num\u00e9rique : L\u2019\u00e9v\u00e9nement aura bel et bien lieu aux dates pr\u00e9vues"},"content":{"rendered":"<p>Une conf\u00e9rence de presse a \u00e9t\u00e9 donn\u00e9e le lundi 14 novembre 2016   \u00e0 Abidjan-Deux-Plateaux  par les responsables de Africa Web Festival (Awf) pour rassurer tous les participants ivoiriens et \u00e9trangers de la tenue de la 3\u00e8me \u00e9dition dudit festival.<!--more--><\/p>\n<p>A cette occasion, Mariam Sy Diawara, pr\u00e9sidente-fondatrice  de Africa Web Festival (Awf) a  confirm\u00e9  que la 3\u00e8me \u00e9dition du festival num\u00e9rique  aura bel et bien lieu les 29 ; 30  novembre et 1er d\u00e9cembre 2016 \u00e0 Abidjan-C\u00f4te d\u2019Ivoire comme pr\u00e9vu.  Elle a souhait\u00e9  que les gouvernants consid\u00e8rent d\u00e9sormais ce festival comme un \u00e9v\u00e9nement reconnu d\u2019utilit\u00e9 publique vu les misions qu\u2019il s\u2019est assign\u00e9.  Pour elle, l\u2019Afrique  qui a accompagn\u00e9 le monde dans les autres domaines,  voudrait prendre toute sa part dans le num\u00e9rique.  Elle soutient que   c\u2019est la bataille du contenu du festival qui pourra le rendre attrayant. Cependant, elle a r\u00e9v\u00e9l\u00e9 qu\u2019une \u00e9dition du festival co\u00fbte 200 millions de francs CFA. C\u2019est pourquoi, elle a traduit toute sa reconnaissance aux partenaires qui accompagnent l\u2019\u00e9v\u00e9nement.  Quant \u00e0 Dedy Bilamba, directeur marketing et partenaires, il a indiqu\u00e9 que  le festival num\u00e9rique a une dimension internationale dont le contenu regorge des concours de d\u00e9tection des meilleures solutions d\u2019affaires, vid\u00e9o, documentaires,  hackathon(d\u00e9veloppeur de syst\u00e8me).  Il a soulign\u00e9 que la 3\u00e8me \u00e9dition de Awf   sera l\u2019occasion pour la jeunesse africaine de proposer des applications technologiques dans les domaines de l\u2019agriculture, l\u2019\u00e9ducation et la sant\u00e9 \u00e0 travers trois hackthons. Il y aura \u00e9galement un concours \u2018\u2019 Champi des Tics\u2019\u2019 pour les \u00e9coles sans oublier les rencontre B to B entre entrepreneurs et les jeunes.  La cat\u00e9gorie des start-up et applications sera  soumise \u00e0 un concours de la meilleure application, Web TV, meilleur blog et  meilleur jeu vid\u00e9o.  Il a pr\u00e9cis\u00e9 que  pendant trois jours  Abidjan  sera la capitale  africaine du num\u00e9rique o\u00f9 vont foisonner des professionnels et chefs d\u2019entreprises. D\u00e9j\u00e0, il a annonc\u00e9 l\u2019arriv\u00e9e \u00e0 Abidjan de huit  jeunes d\u00e9veloppeurs africains. C\u2019est l\u2019occasion de pr\u00e9senter les medias nouveaux. Pour Alfred Dan Moussa, pr\u00e9sident du comit\u00e9 d\u2019organisation de cette 3\u00e8me \u00e9dition de Awf, ce sera le rendez-vous de l\u2019Afrique connect\u00e9e autour des th\u00e9matiques de e-sant\u00e9, e-\u00e9ducation et e-agriculture. Il a rappel\u00e9  que  la 2\u00e8me \u00e9dition avait enregistr\u00e9  6000 participants. C\u2019est pourquoi, il dit attendre plus pour la 3\u00e8me \u00e9dition.  Il a \u00e9tay\u00e9 ses propos en disant que le num\u00e9rique a pris racine dans tous les secteurs d\u2019activit\u00e9s. Puis de dire que le Awf est courtis\u00e9 par le monde.  Ce sont une vingtaine de d\u00e9l\u00e9gations qui viendront de l\u2019Afrique, d\u2019Europe, du Canada et de la C\u00f4te d\u2019Ivoire pour participer \u00e0 cette 3\u00e8me \u00e9dition.<\/p>\n<p>M.Ouattara<\/p>\n","protected":false},"excerpt":{"rendered":"<p>Une conf\u00e9rence de presse a \u00e9t\u00e9 donn\u00e9e le lundi 14 novembre 2016 \u00e0 Abidjan-Deux-Plateaux par les responsables de Africa Web Festival (Awf) pour rassurer tous les participants ivoiriens et \u00e9trangers de la tenue de la 3\u00e8me \u00e9dition dudit festival.<\/p>\n","protected":false},"author":2,"featured_media":1548,"comment_status":"closed","ping_status":"closed","sticky":false,"template":"","format":"standard","meta":{"_monsterinsights_skip_tracking":false,"_monsterinsights_sitenote_active":false,"_monsterinsights_sitenote_note":"","_monsterinsights_sitenote_category":0,"footnotes":""},"categories":[18,3],"tags":[],"class_list":["post-1547","post","type-post","status-publish","format-standard","has-post-thumbnail","hentry","category-economie","category-societe"],"_links":{"self":[{"href":"https:\/\/www.lintelligentdabidjan.info\/news\/wp-json\/wp\/v2\/posts\/1547","targetHints":{"allow":["GET"]}}],"collection":[{"href":"https:\/\/www.lintelligentdabidjan.info\/news\/wp-json\/wp\/v2\/posts"}],"about":[{"href":"https:\/\/www.lintelligentdabidjan.info\/news\/wp-json\/wp\/v2\/types\/post"}],"author":[{"embeddable":true,"href":"https:\/\/www.lintelligentdabidjan.info\/news\/wp-json\/wp\/v2\/users\/2"}],"replies":[{"embeddable":true,"href":"https:\/\/www.lintelligentdabidjan.info\/news\/wp-json\/wp\/v2\/comments?post=1547"}],"version-history":[{"count":1,"href":"https:\/\/www.lintelligentdabidjan.info\/news\/wp-json\/wp\/v2\/posts\/1547\/revisions"}],"predecessor-version":[{"id":1549,"href":"https:\/\/www.lintelligentdabidjan.info\/news\/wp-json\/wp\/v2\/posts\/1547\/revisions\/1549"}],"wp:featuredmedia":[{"embeddable":true,"href":"https:\/\/www.lintelligentdabidjan.info\/news\/wp-json\/wp\/v2\/media\/1548"}],"wp:attachment":[{"href":"https:\/\/www.lintelligentdabidjan.info\/news\/wp-json\/wp\/v2\/media?parent=1547"}],"wp:term":[{"taxonomy":"category","embeddable":true,"href":"https:\/\/www.lintelligentdabidjan.info\/news\/wp-json\/wp\/v2\/categories?post=1547"},{"taxonomy":"post_tag","embeddable":true,"href":"https:\/\/www.lintelligentdabidjan.info\/news\/wp-json\/wp\/v2\/tags?post=1547"}],"curies":[{"name":"wp","href":"https:\/\/api.w.org\/{rel}","templated":true}]}}