{"id":15828,"date":"2019-09-03T01:04:59","date_gmt":"2019-09-02T23:04:59","guid":{"rendered":"https:\/\/www.lintelligentdabidjan.info\/news\/?p=15828"},"modified":"2019-09-03T01:33:57","modified_gmt":"2019-09-02T23:33:57","slug":"presselintelligent-dabidjan-a-16-ans-aujourdhui-3-septembre-2003-3-septembre-2019-cela-fait-16-ans-que-lintelligent-dabidjan-le-quotidien-dont","status":"publish","type":"post","link":"https:\/\/www.lintelligentdabidjan.info\/news\/presselintelligent-dabidjan-a-16-ans-aujourdhui-3-septembre-2003-3-septembre-2019-cela-fait-16-ans-que-lintelligent-dabidjan-le-quotidien-dont\/","title":{"rendered":"Presse:L\u2019Intelligent d\u2019Abidjan a 16 ans, aujourd\u2019hui"},"content":{"rendered":"<p><em><strong> 3 septembre 2003-3 septembre 2019, cela fait 16 ans que L\u2019Intelligent d\u2019Abidjan, \u00ab le quotidien dont vous avez r\u00eav\u00e9 \u00bb , est dans les kiosques \u00e0 journaux.<\/strong><\/em><\/p>\n<p>Aujourd\u2019hui, mardi 3 septembre 2019  est le jour du 16\u00e8me anniversaire de votre journal. Apr\u00e8s avoir c\u00e9l\u00e9br\u00e9 avec faste son 15\u00e8me , anniversaire, L\u2019Intelligent d\u2019Abidjan fait son petit chemin.<\/p>\n<p>Et voil\u00e0, arriv\u00e9es les noces de saphir marquant les 16 bougies. C\u2019est une \u00e9quipe r\u00e9dactionnelle soud\u00e9e  autour de  son directeur g\u00e9n\u00e9ral Alaf\u00e9 Wakili qui a su, encore pendant un an de plus, tirer les marrons du feu pour donner l\u2019information, la vraie information aux lecteurs. L\u2019Intelligent d\u2019Abidjan a \u00e9t\u00e9, durant toute l\u2019ann\u00e9e, de tous les grands rendez-vous nationaux et internationaux allant    des \u00e9v\u00e9nements politiques  aux culturels en passant par l\u2019\u00e9conomie, la soci\u00e9t\u00e9, le sport et les faits divers. <\/p>\n<p>Les journalistes ont \u00e9t\u00e9 partout en C\u00f4te d\u2019Ivoire pour \u00eatre les t\u00e9moins privil\u00e9gi\u00e9s des \u00e9v\u00e9nements dont vous avez attendu leurs comptes-rendus. Les journalistes, vos serviteurs sont all\u00e9s \u00e0 Odienn\u00e9, Adzop\u00e9, Divi\u00e9di, Toumodi, Yamousssoukro, Grand-Bassam, Bingerville, Jacqueville, Bouak\u00e9, Divo, Dabou, San-Pedro, Gagnoa, Daloa, Soubr\u00e9, Aboisso, Ferkess\u00e9dougou, Guiglo, Man, Du\u00e9kou\u00e9, Bondoukou, Korhogo, Tongon \u2026 pour chercher l\u2019information, la traiter et la mettre \u00e0 la disposition des lecteurs.<\/p>\n<p>Au plan international, les journalistes de l\u2019Intelligent d\u2019Abidjan ont \u00e9t\u00e9 en \u00c9gypte (pour la coupe d\u2019Afrique des nations de football), S\u00e9n\u00e9gal, France, \u00c9tats-Unis d\u2019Am\u00e9rique, \u00e0 La Haye(Pays-Bas), Burkina Faso, aux \u00c9tats Unis, et m\u00eame en Chine, pour ne citer que ces quelques pays.  La \u2018\u2019chasse \u00e0 l\u2019information\u2019\u2019 n\u2019a pas \u00e9t\u00e9 du tout un long fleuve tranquille pour les journalistes de l\u2019Intelligent d\u2019Abidjan. Ils ont \u00e9t\u00e9 quelques fois pass\u00e9s \u00e0 tabac par les pr\u00e9dateurs de la libert\u00e9 de presse. C\u2019est ainsi que notre  coll\u00e8gue  Kon\u00e9 Ibrahim Kalhil en a fait les frais lors d\u2019un reportage \u00e0 Abobo. Ce jour-l\u00e0, ses deux portables lui \u00e9t\u00e9 arrach\u00e9s par des agresseurs qui l\u2019ont copieusement bastonn\u00e9 en pleine journ\u00e9e. Bless\u00e9, notre coll\u00e8gue a \u00e9t\u00e9 alit\u00e9 pendant une semaine.<\/p>\n<p>Comme si cela ne suffit pas, le jour de l\u2019inhumation de Dj Arafat, un autre  coll\u00e8gue , Koffo Jean-Hubert a fait les frais de la col\u00e8re des Chinois parce qu\u2019il voulait simplement faire des photos des pneus enflamm\u00e9s. Pour dire et monter combien de fois, L\u2019Intelligent d\u2019Abidjan va tirer les marrons du feu pour informer ses \u00e9lecteurs. 3 septembre 2003-3septembre 2019,  L\u2019Intelligent d\u2019Abidjan, le quotidien dont vous avez r\u00eav\u00e9, a 16 ans. 16 ans bien sonn\u00e9s. Que de chemins parcourus avec son lot d\u2019\u00e9preuves !<br \/>\n<strong><br \/>\nM. Ouattara<\/strong><\/p>\n","protected":false},"excerpt":{"rendered":"<p>3 septembre 2003-3 septembre 2019, cela fait 16 ans que L\u2019Intelligent d\u2019Abidjan, \u00ab le quotidien dont vous avez r\u00eav\u00e9 \u00bb , est dans les kiosques \u00e0 journaux. Aujourd\u2019hui, mardi 3 septembre 2019 est le jour du 16\u00e8me anniversaire de votre journal. Apr\u00e8s avoir c\u00e9l\u00e9br\u00e9 avec faste son 15\u00e8me , anniversaire, L\u2019Intelligent d\u2019Abidjan fait son petit [&hellip;]<\/p>\n","protected":false},"author":3,"featured_media":15830,"comment_status":"closed","ping_status":"closed","sticky":false,"template":"","format":"standard","meta":{"_monsterinsights_skip_tracking":false,"_monsterinsights_sitenote_active":false,"_monsterinsights_sitenote_note":"","_monsterinsights_sitenote_category":0,"footnotes":""},"categories":[2,3],"tags":[],"class_list":["post-15828","post","type-post","status-publish","format-standard","has-post-thumbnail","hentry","category-featured","category-societe"],"_links":{"self":[{"href":"https:\/\/www.lintelligentdabidjan.info\/news\/wp-json\/wp\/v2\/posts\/15828","targetHints":{"allow":["GET"]}}],"collection":[{"href":"https:\/\/www.lintelligentdabidjan.info\/news\/wp-json\/wp\/v2\/posts"}],"about":[{"href":"https:\/\/www.lintelligentdabidjan.info\/news\/wp-json\/wp\/v2\/types\/post"}],"author":[{"embeddable":true,"href":"https:\/\/www.lintelligentdabidjan.info\/news\/wp-json\/wp\/v2\/users\/3"}],"replies":[{"embeddable":true,"href":"https:\/\/www.lintelligentdabidjan.info\/news\/wp-json\/wp\/v2\/comments?post=15828"}],"version-history":[{"count":3,"href":"https:\/\/www.lintelligentdabidjan.info\/news\/wp-json\/wp\/v2\/posts\/15828\/revisions"}],"predecessor-version":[{"id":15833,"href":"https:\/\/www.lintelligentdabidjan.info\/news\/wp-json\/wp\/v2\/posts\/15828\/revisions\/15833"}],"wp:featuredmedia":[{"embeddable":true,"href":"https:\/\/www.lintelligentdabidjan.info\/news\/wp-json\/wp\/v2\/media\/15830"}],"wp:attachment":[{"href":"https:\/\/www.lintelligentdabidjan.info\/news\/wp-json\/wp\/v2\/media?parent=15828"}],"wp:term":[{"taxonomy":"category","embeddable":true,"href":"https:\/\/www.lintelligentdabidjan.info\/news\/wp-json\/wp\/v2\/categories?post=15828"},{"taxonomy":"post_tag","embeddable":true,"href":"https:\/\/www.lintelligentdabidjan.info\/news\/wp-json\/wp\/v2\/tags?post=15828"}],"curies":[{"name":"wp","href":"https:\/\/api.w.org\/{rel}","templated":true}]}}