{"id":15879,"date":"2019-09-05T23:32:03","date_gmt":"2019-09-05T21:32:03","guid":{"rendered":"https:\/\/www.lintelligentdabidjan.info\/news\/?p=15879"},"modified":"2019-09-05T23:34:37","modified_gmt":"2019-09-05T21:34:37","slug":"entrepreneuriat-et-paixla-jci-afrique-et-proche-orient-en-reflexion-a-grand-bassam","status":"publish","type":"post","link":"https:\/\/www.lintelligentdabidjan.info\/news\/entrepreneuriat-et-paixla-jci-afrique-et-proche-orient-en-reflexion-a-grand-bassam\/","title":{"rendered":"Entrepreneuriat et paix:La Jci Afrique et Proche-Orient en r\u00e9flexion \u00e0 Grand-Bassam"},"content":{"rendered":"<p><em><strong>Les s\u00e9nateurs de la Jeune chambre internationale (Jci), section Afrique et Moyen Orient, sont r\u00e9unis \u00e0 Grand-Bassam pour un s\u00e9minaire de quatre jours (du jeudi 5 au 8 dimanche 8 septembre 2019)  afin de r\u00e9fl\u00e9chir sur l\u2019impact que pourrait avoir une bonne politique entrepreneuriale de ses membres dans la pr\u00e9servation de la paix dans le monde. <\/strong><\/em><\/p>\n<p>Le s\u00e9minaire a pour th\u00e8me : \u201cEntrepreneuriat Jci comme contribution \u00e0 la paix dans le monde\u201c et enregistre la participation de 9 pays. La France, \u00e0 travers la principaut\u00e9 de Monaco, le Togo, le B\u00e9nin, le Nig\u00e9ria, le Togo, le mali et la Guin\u00e9e Conakry sont au nombre des pays participants. \u00abPendant 4 jours, nous aurons \u00e0 r\u00e9fl\u00e9chir autour d\u2019un th\u00e8me important. Ce th\u00e8me qui vient nous rappeler les probl\u00e8mes s\u00e9curitaires que nous vivons dans nos diff\u00e9rents pays. Nous, membres actifs de la Jci, sommes des personnes engag\u00e9s dans nos communaut\u00e9s respectives. Nous ne pouvions pas penser \u00e0 ce th\u00e8me qui  nous permettra de r\u00e9fl\u00e9chir \u00e0 des solutions qui rameront la paix en nous et autour de nous, pour aider au d\u00e9veloppement de nos diff\u00e9rents pays \u00bb, a indiqu\u00e9 Gobson Coulibaly, pr\u00e9sidente du S\u00e9nat de la Jci Afrique et Moyen Orient, le jeudi 5 septembre 2019, lors de la c\u00e9r\u00e9monie d\u2019ouverture \u00e0 Grand-Bassam.<br \/>\nAu programme du S\u00e9minaire, un atelier sera anim\u00e9 autour du th\u00e8me : \u201cQue S\u00e9nat pour l\u2019avenir de la Jci en Afrique et au Moyen Orient\u201c. Des rencontres B to B sont \u00e9galement au programme.<\/p>\n<p>Repr\u00e9sentant le ministre Anobl\u00e9 F\u00e9lix, pr\u00e9sident du s\u00e9minaire, Wadja Assay a salu\u00e9 les organisateurs pour leur initiative. Il les a assur\u00e9s du soutien d\u2019Anobl\u00e9 F\u00e9lix, lui-m\u00eame, S\u00e9nateur de la Jeune chambre de C\u00f4te d\u2019Ivoire.<\/p>\n<p><strong>J-H K  <\/strong><\/p>\n","protected":false},"excerpt":{"rendered":"<p>Les s\u00e9nateurs de la Jeune chambre internationale (Jci), section Afrique et Moyen Orient, sont r\u00e9unis \u00e0 Grand-Bassam pour un s\u00e9minaire de quatre jours (du jeudi 5 au 8 dimanche 8 septembre 2019) afin de r\u00e9fl\u00e9chir sur l\u2019impact que pourrait avoir une bonne politique entrepreneuriale de ses membres dans la pr\u00e9servation de la paix dans le [&hellip;]<\/p>\n","protected":false},"author":3,"featured_media":15880,"comment_status":"closed","ping_status":"closed","sticky":false,"template":"","format":"standard","meta":{"_monsterinsights_skip_tracking":false,"_monsterinsights_sitenote_active":false,"_monsterinsights_sitenote_note":"","_monsterinsights_sitenote_category":0,"footnotes":""},"categories":[2,3],"tags":[],"class_list":["post-15879","post","type-post","status-publish","format-standard","has-post-thumbnail","hentry","category-featured","category-societe"],"_links":{"self":[{"href":"https:\/\/www.lintelligentdabidjan.info\/news\/wp-json\/wp\/v2\/posts\/15879","targetHints":{"allow":["GET"]}}],"collection":[{"href":"https:\/\/www.lintelligentdabidjan.info\/news\/wp-json\/wp\/v2\/posts"}],"about":[{"href":"https:\/\/www.lintelligentdabidjan.info\/news\/wp-json\/wp\/v2\/types\/post"}],"author":[{"embeddable":true,"href":"https:\/\/www.lintelligentdabidjan.info\/news\/wp-json\/wp\/v2\/users\/3"}],"replies":[{"embeddable":true,"href":"https:\/\/www.lintelligentdabidjan.info\/news\/wp-json\/wp\/v2\/comments?post=15879"}],"version-history":[{"count":1,"href":"https:\/\/www.lintelligentdabidjan.info\/news\/wp-json\/wp\/v2\/posts\/15879\/revisions"}],"predecessor-version":[{"id":15881,"href":"https:\/\/www.lintelligentdabidjan.info\/news\/wp-json\/wp\/v2\/posts\/15879\/revisions\/15881"}],"wp:featuredmedia":[{"embeddable":true,"href":"https:\/\/www.lintelligentdabidjan.info\/news\/wp-json\/wp\/v2\/media\/15880"}],"wp:attachment":[{"href":"https:\/\/www.lintelligentdabidjan.info\/news\/wp-json\/wp\/v2\/media?parent=15879"}],"wp:term":[{"taxonomy":"category","embeddable":true,"href":"https:\/\/www.lintelligentdabidjan.info\/news\/wp-json\/wp\/v2\/categories?post=15879"},{"taxonomy":"post_tag","embeddable":true,"href":"https:\/\/www.lintelligentdabidjan.info\/news\/wp-json\/wp\/v2\/tags?post=15879"}],"curies":[{"name":"wp","href":"https:\/\/api.w.org\/{rel}","templated":true}]}}