{"id":15978,"date":"2019-09-12T01:52:19","date_gmt":"2019-09-11T23:52:19","guid":{"rendered":"https:\/\/www.lintelligentdabidjan.info\/news\/?p=15978"},"modified":"2019-09-12T01:52:56","modified_gmt":"2019-09-11T23:52:56","slug":"enseignement-professionnellece-que-prevoit-la-convention-que-la-cote-divoire-et-la-belgique-ont-signee","status":"publish","type":"post","link":"https:\/\/www.lintelligentdabidjan.info\/news\/enseignement-professionnellece-que-prevoit-la-convention-que-la-cote-divoire-et-la-belgique-ont-signee\/","title":{"rendered":"Enseignement professionnelle:Ce que pr\u00e9voit la convention que la  C\u00f4te d\u2019Ivoire et la Belgique ont sign\u00e9e"},"content":{"rendered":"<p><em><strong>Le royaume de la Belgique s\u2019est engag\u00e9 \u00e0 former des \u00e9l\u00e8ves ivoiriens de l\u2019enseignement professionnel dans les m\u00e9tiers du chocolat    \u00e0 travers la signature d\u2019une  convention  le  mardi 10 septembre 2019 \u00e0 la salle de conf\u00e9rence du minist\u00e8re de l\u2019\u00c9ducation nationale, de l\u2019Enseignement technique et de la Formation professionnelle au plateau.<\/strong><\/em><\/p>\n<p>Kandia Camara, ministre de l\u2019\u00c9ducation nationale, de l\u2019Enseignement Technique et de la Formation professionnelle s\u2019est r\u00e9jouie de cette signature de convention cadre de coop\u00e9ration en mati\u00e8re de formation professionnelle entre la commission communautaire fran\u00e7aise Bruxelloise et son minist\u00e8re. Selon la ministre, c\u2019est la toute premi\u00e8re convention dans le domaine de la formation professionnelle depuis l\u2019\u00e9tablissement des relations diplomatiques entre la C\u00f4te d\u2019Ivoire et le royaume de la Belgique le 15 mars 1961. <\/p>\n<p>La ministre a ajout\u00e9 : \u00ab La notori\u00e9t\u00e9 de la Belgique en ce qui concerne le chocolat repose sur les crit\u00e8res bien distincts. En premier lieu, bon nombre des chocolatiers belges utilisent les f\u00e8ves de cacao de tr\u00e8s bonne qualit\u00e9. Ensuite, une bonne torr\u00e9faction et un broyage soign\u00e9 assurent une qualit\u00e9 in\u00e9gal\u00e9e de chocolats. La Belgique est aussi connue pour ses chocolats qui ont un taux de cacao de 43% alors que d\u2019habitude, ce taux est seulement de 35%. Quoi de plus normal que deux nations extr\u00eamement impliqu\u00e9es dans un produit de consommation mondiale qu\u2019est le chocolat puissent ent\u00e9riner un accord gage nouveau de la qualit\u00e9 des relations bilat\u00e9rales entre la C\u00f4te d\u2019Ivoire et la Belgique\u00bb.<\/p>\n<p>Micha\u00ebl Wimmer, ambassadeur du Royaume de Belgique en C\u00f4te d\u2019Ivoire a indiqu\u00e9   que cette th\u00e9matique est capitale pour le royaume : \u00ab La th\u00e9matique qui nous est ch\u00e8re est avant tout la formation professionnelle, l&#8217;enseignement technique. Car, il s&#8217;agit de former le futur de la Nation (\u2026) Je pense que des enjeux importants dans le secteur du Cacao se jouent pour l\u2019instant, notamment les questions de prix, de durabilit\u00e9 etc.\u2026 mais aussi un des enjeux, c\u2019est la transformation locale et c\u2019est la valeur ajout\u00e9e locale, c\u2019est \u00e0 dire permettre \u00e0 ce qu\u2019on puisse travailler le produit  c\u2019est dans ce cadre-l\u00e0 que s\u2019inscrit la convention cadre que vous venez de signer \u00bb.<\/p>\n<p><strong>EF<\/strong><\/p>\n","protected":false},"excerpt":{"rendered":"<p>Le royaume de la Belgique s\u2019est engag\u00e9 \u00e0 former des \u00e9l\u00e8ves ivoiriens de l\u2019enseignement professionnel dans les m\u00e9tiers du chocolat \u00e0 travers la signature d\u2019une convention le mardi 10 septembre 2019 \u00e0 la salle de conf\u00e9rence du minist\u00e8re de l\u2019\u00c9ducation nationale, de l\u2019Enseignement technique et de la Formation professionnelle au plateau. Kandia Camara, ministre de [&hellip;]<\/p>\n","protected":false},"author":3,"featured_media":15979,"comment_status":"closed","ping_status":"closed","sticky":false,"template":"","format":"standard","meta":{"_monsterinsights_skip_tracking":false,"_monsterinsights_sitenote_active":false,"_monsterinsights_sitenote_note":"","_monsterinsights_sitenote_category":0,"footnotes":""},"categories":[2,3],"tags":[],"class_list":["post-15978","post","type-post","status-publish","format-standard","has-post-thumbnail","hentry","category-featured","category-societe"],"_links":{"self":[{"href":"https:\/\/www.lintelligentdabidjan.info\/news\/wp-json\/wp\/v2\/posts\/15978","targetHints":{"allow":["GET"]}}],"collection":[{"href":"https:\/\/www.lintelligentdabidjan.info\/news\/wp-json\/wp\/v2\/posts"}],"about":[{"href":"https:\/\/www.lintelligentdabidjan.info\/news\/wp-json\/wp\/v2\/types\/post"}],"author":[{"embeddable":true,"href":"https:\/\/www.lintelligentdabidjan.info\/news\/wp-json\/wp\/v2\/users\/3"}],"replies":[{"embeddable":true,"href":"https:\/\/www.lintelligentdabidjan.info\/news\/wp-json\/wp\/v2\/comments?post=15978"}],"version-history":[{"count":1,"href":"https:\/\/www.lintelligentdabidjan.info\/news\/wp-json\/wp\/v2\/posts\/15978\/revisions"}],"predecessor-version":[{"id":15980,"href":"https:\/\/www.lintelligentdabidjan.info\/news\/wp-json\/wp\/v2\/posts\/15978\/revisions\/15980"}],"wp:featuredmedia":[{"embeddable":true,"href":"https:\/\/www.lintelligentdabidjan.info\/news\/wp-json\/wp\/v2\/media\/15979"}],"wp:attachment":[{"href":"https:\/\/www.lintelligentdabidjan.info\/news\/wp-json\/wp\/v2\/media?parent=15978"}],"wp:term":[{"taxonomy":"category","embeddable":true,"href":"https:\/\/www.lintelligentdabidjan.info\/news\/wp-json\/wp\/v2\/categories?post=15978"},{"taxonomy":"post_tag","embeddable":true,"href":"https:\/\/www.lintelligentdabidjan.info\/news\/wp-json\/wp\/v2\/tags?post=15978"}],"curies":[{"name":"wp","href":"https:\/\/api.w.org\/{rel}","templated":true}]}}