{"id":15983,"date":"2019-09-12T02:02:00","date_gmt":"2019-09-12T00:02:00","guid":{"rendered":"https:\/\/www.lintelligentdabidjan.info\/news\/?p=15983"},"modified":"2019-09-12T02:02:00","modified_gmt":"2019-09-12T00:02:00","slug":"lafrique-et-la-culture-du-privilegeles-54-etats-du-continent-evangelises-par-le-pape-francois","status":"publish","type":"post","link":"https:\/\/www.lintelligentdabidjan.info\/news\/lafrique-et-la-culture-du-privilegeles-54-etats-du-continent-evangelises-par-le-pape-francois\/","title":{"rendered":"L&#8217;Afrique et la culture du privil\u00e8ge:Les  54 \u00c9tats du continent &#8220;\u00e9vang\u00e9lis\u00e9s&#8221; par le Pape Fran\u00e7ois"},"content":{"rendered":"<p><em><strong>Le Pape Fran\u00e7ois, homme de Dieu. C&#8217;est un fait. Homme spirituel, c&#8217;est un militant. Le Pape Fran\u00e7ois vient de terminer une visite dans les <<\u00c9tats-\u00eeles>> de l&#8217;oc\u00e9an indien du continent africain.<\/strong><\/em><\/p>\n<p>De sa technique d&#8217;homme de Dieu, il a mis sous le feu des critiques, la culture du privil\u00e8ge en Afrique. Le chef de l&#8217;\u00c9glise Catholique a affront\u00e9 le sujet sur un ton f\u00e9roce \u00e0 Madagascar. Le Pape Fran\u00e7ois a rendu <<justice >> au  continent africain, l\u00e0 o\u00f9 les organismes de droit de l&#8217;Homme b\u00e9gaient. V\u00e9ritable homme spirituel, le Pape Fran\u00e7ois assure et, agit dans un souci de v\u00e9rit\u00e9 et de coh\u00e9rence sociale. L&#8217;homme de Dieu agit en son \u00e2me et conscience sous la menace de la mauvaise gouvernance qui, secoue les 54 \u00c9tats d&#8217;Afrique.<\/p>\n<p>\u00c0 l&#8217;analyse, le chef de l&#8217;\u00c9glise Catholique a le sens aigu des rapports de force entre les dirigeants africains et leurs populations. Le Pape Fran\u00e7ois est le seul chef qui ne re\u00e7oit d&#8217;instructions de personne, ne demande pas d&#8217;autorisation \u00e0 Paris ou \u00e0 Washington. Techniquement, l&#8217; homme de Dieu fait appel qu&#8217; \u00e0 sa mission de religieux. Le Pape Fran\u00e7ois a raison de mettre en cause la gouvernance par privil\u00e8ge. Depuis plusieurs ann\u00e9es en Afrique, l&#8217;on fait plus attention \u00e0 la loyaut\u00e9 au pouvoir qu&#8217;au respect de la comp\u00e9tence. <\/p>\n<p>C&#8217;est pourquoi au cours de sa visite dans les <<\u00c9tats-\u00celes>> de l&#8217;Oc\u00e9an indien  de l&#8217;Afrique, le Pape Fran\u00e7ois a demand\u00e9 aux 54 \u00c9tats du continent de m\u00e9diter sur <<l'image du privil\u00e8ge >> qui l&#8217;emporte sur la comp\u00e9tence et qui tue le talent. M\u00e9thodiquement, l&#8217;homme de Dieu veille sur l&#8217;Afrique o\u00f9 souvent il d\u00e9nonce la violence, l&#8217;intol\u00e9rance, la m\u00e9chancet\u00e9, l&#8217;hypocrisie et le manque total d&#8217;amour entre les hommes. L&#8217;accusation et la d\u00e9lation en milieu politique qui mettent en cause le d\u00e9veloppement de l&#8217;Afrique. Le chef de l&#8217;\u00c9glise Catholique a dit la v\u00e9rit\u00e9 :lui, qui ne milite dans aucun parti politique, qui n&#8217;adh\u00e8re \u00e0 aucun syndicat. Le Pape Fran\u00e7ois a toujours pos\u00e9 un regard bienveillant sur l&#8217;homme qui est \u00e0 la fois la ressemblance et l&#8217;image de Dieu.<\/p>\n<p><strong>Ben Isma\u00ebl<\/strong><\/p>\n","protected":false},"excerpt":{"rendered":"<p>Le Pape Fran\u00e7ois, homme de Dieu. C&#8217;est un fait. Homme spirituel, c&#8217;est un militant. Le Pape Fran\u00e7ois vient de terminer une visite dans les de l&#8217;oc\u00e9an indien du continent africain. De sa technique d&#8217;homme de Dieu, il a mis sous le feu des critiques, la culture du privil\u00e8ge en Afrique. Le chef de l&#8217;\u00c9glise Catholique [&hellip;]<\/p>\n","protected":false},"author":3,"featured_media":15984,"comment_status":"closed","ping_status":"closed","sticky":false,"template":"","format":"standard","meta":{"_monsterinsights_skip_tracking":false,"_monsterinsights_sitenote_active":false,"_monsterinsights_sitenote_note":"","_monsterinsights_sitenote_category":0,"footnotes":""},"categories":[2,1],"tags":[],"class_list":["post-15983","post","type-post","status-publish","format-standard","has-post-thumbnail","hentry","category-featured","category-actualites"],"_links":{"self":[{"href":"https:\/\/www.lintelligentdabidjan.info\/news\/wp-json\/wp\/v2\/posts\/15983","targetHints":{"allow":["GET"]}}],"collection":[{"href":"https:\/\/www.lintelligentdabidjan.info\/news\/wp-json\/wp\/v2\/posts"}],"about":[{"href":"https:\/\/www.lintelligentdabidjan.info\/news\/wp-json\/wp\/v2\/types\/post"}],"author":[{"embeddable":true,"href":"https:\/\/www.lintelligentdabidjan.info\/news\/wp-json\/wp\/v2\/users\/3"}],"replies":[{"embeddable":true,"href":"https:\/\/www.lintelligentdabidjan.info\/news\/wp-json\/wp\/v2\/comments?post=15983"}],"version-history":[{"count":1,"href":"https:\/\/www.lintelligentdabidjan.info\/news\/wp-json\/wp\/v2\/posts\/15983\/revisions"}],"predecessor-version":[{"id":15985,"href":"https:\/\/www.lintelligentdabidjan.info\/news\/wp-json\/wp\/v2\/posts\/15983\/revisions\/15985"}],"wp:featuredmedia":[{"embeddable":true,"href":"https:\/\/www.lintelligentdabidjan.info\/news\/wp-json\/wp\/v2\/media\/15984"}],"wp:attachment":[{"href":"https:\/\/www.lintelligentdabidjan.info\/news\/wp-json\/wp\/v2\/media?parent=15983"}],"wp:term":[{"taxonomy":"category","embeddable":true,"href":"https:\/\/www.lintelligentdabidjan.info\/news\/wp-json\/wp\/v2\/categories?post=15983"},{"taxonomy":"post_tag","embeddable":true,"href":"https:\/\/www.lintelligentdabidjan.info\/news\/wp-json\/wp\/v2\/tags?post=15983"}],"curies":[{"name":"wp","href":"https:\/\/api.w.org\/{rel}","templated":true}]}}