{"id":15996,"date":"2019-09-13T20:56:58","date_gmt":"2019-09-13T18:56:58","guid":{"rendered":"https:\/\/www.lintelligentdabidjan.info\/news\/?p=15996"},"modified":"2019-09-13T21:02:54","modified_gmt":"2019-09-13T19:02:54","slug":"cote-divoireouattara-a-ouaga-apres-djeddah-et-mougins-cedeaoterrorisme","status":"publish","type":"post","link":"https:\/\/www.lintelligentdabidjan.info\/news\/cote-divoireouattara-a-ouaga-apres-djeddah-et-mougins-cedeaoterrorisme\/","title":{"rendered":"C\u00f4te d\u2019Ivoire:Ouattara \u00e0 Ouaga apr\u00e8s Djeddah et Mougins-Cedeao,terrorisme"},"content":{"rendered":"<p><em><strong>Selon l\u2019envoy\u00e9 sp\u00e9cial de l\u2019Intelligent d\u2019Abidjan pr\u00e9sent \u00e0 Ouagadougou dans le cadre du sommet extraordinaire de la Cedeao consacr\u00e9 \u00e0 la lutte contre le terroriste, le chef de l\u2019\u00c9tat ivoirien \u00e9tait attendu vendredi 13 septembre 2019, dans la capitale du Burkina Faso.<\/strong><\/em><\/p>\n<p>Alassane Ouattara rejoint Ouagadougou \u00e0 partir de Mougins en France, o\u00f9 il s\u2019est rendu pour un s\u00e9jour priv\u00e9 depuis le 10 septembre 2019, quelques heures apr\u00e8s la fin de sa visite officielle en Arabie saoudite.<\/p>\n<p>Une visite officielle de 48 heures en marge de laquelle, le chef de l\u2019\u00c9tat ivoirien et des musulmans membres de sa d\u00e9l\u00e9gation, ont effectu\u00e9 la Oumra, (ou le Tawaf) , \u00e0 savoir le tour de la Kaaba et la marche entre Safa et Marwa, \u00e0 la Mecque.<\/p>\n<p>Selon le communiqu\u00e9 de la pr\u00e9sidence ivoirienne du samedi 7 septembre 2019, annon\u00e7ant le d\u00e9part du Pr\u00e9sident Ouattara en Arabie Saoudi, son retour \u00e0 Abidjan n\u2019\u00e9tait pas indiqu\u00e9 avant le sommet de Ouagadougou, le samedi 14 septembre 2019, annonc\u00e9 dans le m\u00eame communiqu\u00e9.<\/p>\n<p>Alors que le Pr\u00e9sident Alassane Ouattara arrivait \u00e0 Mougins apr\u00e8s la fin du s\u00e9jour en Arabie saoudite, des membres de sa d\u00e9l\u00e9gation sont rentr\u00e9s en C\u00f4te d\u2019Ivoire le m\u00eame 10 septembre 2019.<\/p>\n<p>C\u2019est \u00e0 partir d\u2019Abidjan que le ministre d\u2019\u00c9tat, ministre de la  d\u00e9fense, Hamed Bakayoko, et le ministre de l\u2019int\u00e9gration et des ivoiriens de l\u2019ext\u00e9rieur, Ally Coulibaly, pr\u00e9sents \u00e0 Djeddah, se sont rendus le jeudi 12 septembre 2019 \u00e0 Ouagadougou,  pour prendre part \u00e0 la r\u00e9union minist\u00e9rielle extraordinaire, pr\u00e9c\u00e9dant le sommet extraordinaire des chefs d\u2019 \u00c9tat et de gouvernement des pays membres de la Cedeao du samedi 14 septi\u00e8me 2019.<\/p>\n<p><strong><br \/>\nCharles Kouassi <\/strong><\/p>\n","protected":false},"excerpt":{"rendered":"<p>Selon l\u2019envoy\u00e9 sp\u00e9cial de l\u2019Intelligent d\u2019Abidjan pr\u00e9sent \u00e0 Ouagadougou dans le cadre du sommet extraordinaire de la Cedeao consacr\u00e9 \u00e0 la lutte contre le terroriste, le chef de l\u2019\u00c9tat ivoirien \u00e9tait attendu vendredi 13 septembre 2019, dans la capitale du Burkina Faso. Alassane Ouattara rejoint Ouagadougou \u00e0 partir de Mougins en France, o\u00f9 il s\u2019est [&hellip;]<\/p>\n","protected":false},"author":3,"featured_media":15998,"comment_status":"closed","ping_status":"closed","sticky":false,"template":"","format":"standard","meta":{"_monsterinsights_skip_tracking":false,"_monsterinsights_sitenote_active":false,"_monsterinsights_sitenote_note":"","_monsterinsights_sitenote_category":0,"footnotes":""},"categories":[2,1],"tags":[],"class_list":["post-15996","post","type-post","status-publish","format-standard","has-post-thumbnail","hentry","category-featured","category-actualites"],"_links":{"self":[{"href":"https:\/\/www.lintelligentdabidjan.info\/news\/wp-json\/wp\/v2\/posts\/15996","targetHints":{"allow":["GET"]}}],"collection":[{"href":"https:\/\/www.lintelligentdabidjan.info\/news\/wp-json\/wp\/v2\/posts"}],"about":[{"href":"https:\/\/www.lintelligentdabidjan.info\/news\/wp-json\/wp\/v2\/types\/post"}],"author":[{"embeddable":true,"href":"https:\/\/www.lintelligentdabidjan.info\/news\/wp-json\/wp\/v2\/users\/3"}],"replies":[{"embeddable":true,"href":"https:\/\/www.lintelligentdabidjan.info\/news\/wp-json\/wp\/v2\/comments?post=15996"}],"version-history":[{"count":1,"href":"https:\/\/www.lintelligentdabidjan.info\/news\/wp-json\/wp\/v2\/posts\/15996\/revisions"}],"predecessor-version":[{"id":15997,"href":"https:\/\/www.lintelligentdabidjan.info\/news\/wp-json\/wp\/v2\/posts\/15996\/revisions\/15997"}],"wp:featuredmedia":[{"embeddable":true,"href":"https:\/\/www.lintelligentdabidjan.info\/news\/wp-json\/wp\/v2\/media\/15998"}],"wp:attachment":[{"href":"https:\/\/www.lintelligentdabidjan.info\/news\/wp-json\/wp\/v2\/media?parent=15996"}],"wp:term":[{"taxonomy":"category","embeddable":true,"href":"https:\/\/www.lintelligentdabidjan.info\/news\/wp-json\/wp\/v2\/categories?post=15996"},{"taxonomy":"post_tag","embeddable":true,"href":"https:\/\/www.lintelligentdabidjan.info\/news\/wp-json\/wp\/v2\/tags?post=15996"}],"curies":[{"name":"wp","href":"https:\/\/api.w.org\/{rel}","templated":true}]}}