{"id":16041,"date":"2019-09-16T01:19:17","date_gmt":"2019-09-15T23:19:17","guid":{"rendered":"https:\/\/www.lintelligentdabidjan.info\/news\/?p=16041"},"modified":"2019-09-16T01:19:17","modified_gmt":"2019-09-15T23:19:17","slug":"promotion-de-la-paix-et-du-developpement-par-les-medias-les-ministres-jean-claude-kouassi-et-sidi-toure-soutiennent-le-repad","status":"publish","type":"post","link":"https:\/\/www.lintelligentdabidjan.info\/news\/promotion-de-la-paix-et-du-developpement-par-les-medias-les-ministres-jean-claude-kouassi-et-sidi-toure-soutiennent-le-repad\/","title":{"rendered":"Promotion de la paix et du d\u00e9veloppement par les m\u00e9dias: Les ministres Jean-Claude Kouassi et Sidi Tour\u00e9 soutiennent le Repad"},"content":{"rendered":"<p><em><strong>L\u2019assembl\u00e9e g\u00e9n\u00e9rale constitutive  du R\u00e9seau des m\u00e9dias pour la paix et le d\u00e9veloppement (Repad)  a eu lieu le vendredi 6 septembre 2019 dans un h\u00f4tel  de Riviera-Attoban \u00e0 Cocody<\/strong><\/em><\/p>\n<p>M\u00e9n\u00e9as Dekassan, journaliste au quotidien Notre Voie, a \u00e9t\u00e9 \u00e9lu pr\u00e9sident du Repad au cours de cette assembl\u00e9e g\u00e9n\u00e9rale constitutive plac\u00e9e sous la pr\u00e9sidence du ministre de la Communication et des M\u00e9dias Sidi Tour\u00e9 et le parrainage du ministre des Mines et de la G\u00e9ologie Jean Claude Kouassi. <\/p>\n<p>Le sous-directeur du D\u00e9veloppement des m\u00e9dias, Claude Kouadio Konan, repr\u00e9sentant le ministre de la Communication et des M\u00e9dias, a salu\u00e9 la cr\u00e9ation du Repad qui intervient \u00e0 l\u2019or\u00e9e d\u2019une ann\u00e9e \u00e9lectorale. \u00abLe ministre de la Communication et des M\u00e9dias est favorable \u00e0 la mise sur pied de cette structure qui vient enrichir l\u2019\u00e9cosyst\u00e8me des organisations professionnelles dans le sens d\u2019une meilleure contribution au d\u00e9veloppement du secteur. Monsieur le ministre est dispos\u00e9 \u00e0 travailler avec vous pour le renforcement de la paix et la d\u00e9mocratie par le truchement des m\u00e9dias, surtout que nous sommes \u00e0 l\u2019or\u00e9e des \u00e9lections. Il est important pour les journalistes d\u2019\u0153uvrer \u00e0 l\u2019apaisement des tensions\u00bb, a d\u00e9clar\u00e9 le repr\u00e9sentant du ministre Sidi Tour\u00e9.<\/p>\n<p>Animant la conf\u00e9rence inaugurale, le directeur g\u00e9n\u00e9ral de &#8220;L\u2019Intelligent d\u2019Abidjan&#8221;, El hadj Alaf\u00e9 Wakili, a mis en \u00e9vidence le r\u00f4le des m\u00e9dias dans la mise en \u0153uvre des politiques et strat\u00e9gies de paix et de d\u00e9veloppement. \u00abIl n\u2019y a pas de m\u00e9dias sans la paix. Nous devons contribuer \u00e0 une soci\u00e9t\u00e9 de paix, de d\u00e9veloppement continu qui assure le bien-\u00eatre aux populations\u00bb, a-t-il fait remarquer. Il a salu\u00e9 la mobilisation autour de l\u2019assembl\u00e9e g\u00e9n\u00e9rale, et invit\u00e9 les membres du Repad \u00e0 ouvrir la r\u00e9flexion sur la possibilit\u00e9 d\u2019\u00e9tendre le champ d\u2019intervention du r\u00e9seau. <\/p>\n<p>M\u00e9n\u00e9as Dekassan, pr\u00e9sident du Repad a exprim\u00e9 sa reconnaissance aux personnalit\u00e9s qui ont apport\u00e9 leur soutien \u00e0 cette initiative, avant d\u2019affirmer l\u2019engagement de son organisation au service de la paix et du d\u00e9veloppement. \u00abLe Repad est un instrument que se donnent les journalistes et professionnels des m\u00e9dias pour contribuer plus efficacement \u00e0 la construction de la paix, de la d\u00e9mocratie et du d\u00e9veloppement en C\u00f4te d\u2019Ivoire et en Afrique\u00bb, a-t-il indiqu\u00e9.<\/p>\n<p>Le Repad est une initiative des professionnels des m\u00e9dias dont l\u2019objectif est de promouvoir la paix et le d\u00e9veloppement en C\u00f4te d\u2019Ivoire et en Afrique. Le r\u00e9seau se veut une tribune d\u2019expression, d\u2019initiatives et d\u2019\u00e9changes autour des sujets d\u2019int\u00e9r\u00eat g\u00e9n\u00e9ral tels que la lutte contre la pauvret\u00e9, le d\u00e9veloppement socio-\u00e9conomique, le renforcement de la d\u00e9mocratie et de la bonne gouvernance, la paix et la coh\u00e9sion sociale, l\u2019immigration clandestine, la lutte contre le r\u00e9chauffement climatique et toutes les questions li\u00e9es \u00e0 la th\u00e9matique du d\u00e9veloppement durable. La c\u00e9r\u00e9monie d\u2019ouverture a vu la participation de plusieurs organisations professionnelles des m\u00e9dias, dont le Syndicat national des professionnels de la presse de C\u00f4te d\u2019Ivoire (Synappci), l\u2019 Union des patrons de la presse en ligne de C\u00f4te d&#8217;Ivoire (Uplci)  et  la Mutuelle sociale des agents des m\u00e9dias priv\u00e9s de C\u00f4te d\u2019Ivoire (Ms-M\u00e9dias).<br \/>\n<strong><br \/>\nM.O  avec sercom<\/strong><\/p>\n","protected":false},"excerpt":{"rendered":"<p>L\u2019assembl\u00e9e g\u00e9n\u00e9rale constitutive du R\u00e9seau des m\u00e9dias pour la paix et le d\u00e9veloppement (Repad) a eu lieu le vendredi 6 septembre 2019 dans un h\u00f4tel de Riviera-Attoban \u00e0 Cocody M\u00e9n\u00e9as Dekassan, journaliste au quotidien Notre Voie, a \u00e9t\u00e9 \u00e9lu pr\u00e9sident du Repad au cours de cette assembl\u00e9e g\u00e9n\u00e9rale constitutive plac\u00e9e sous la pr\u00e9sidence du ministre [&hellip;]<\/p>\n","protected":false},"author":3,"featured_media":16042,"comment_status":"closed","ping_status":"closed","sticky":false,"template":"","format":"standard","meta":{"_monsterinsights_skip_tracking":false,"_monsterinsights_sitenote_active":false,"_monsterinsights_sitenote_note":"","_monsterinsights_sitenote_category":0,"footnotes":""},"categories":[2,20],"tags":[],"class_list":["post-16041","post","type-post","status-publish","format-standard","has-post-thumbnail","hentry","category-featured","category-art-et-culture"],"_links":{"self":[{"href":"https:\/\/www.lintelligentdabidjan.info\/news\/wp-json\/wp\/v2\/posts\/16041","targetHints":{"allow":["GET"]}}],"collection":[{"href":"https:\/\/www.lintelligentdabidjan.info\/news\/wp-json\/wp\/v2\/posts"}],"about":[{"href":"https:\/\/www.lintelligentdabidjan.info\/news\/wp-json\/wp\/v2\/types\/post"}],"author":[{"embeddable":true,"href":"https:\/\/www.lintelligentdabidjan.info\/news\/wp-json\/wp\/v2\/users\/3"}],"replies":[{"embeddable":true,"href":"https:\/\/www.lintelligentdabidjan.info\/news\/wp-json\/wp\/v2\/comments?post=16041"}],"version-history":[{"count":1,"href":"https:\/\/www.lintelligentdabidjan.info\/news\/wp-json\/wp\/v2\/posts\/16041\/revisions"}],"predecessor-version":[{"id":16043,"href":"https:\/\/www.lintelligentdabidjan.info\/news\/wp-json\/wp\/v2\/posts\/16041\/revisions\/16043"}],"wp:featuredmedia":[{"embeddable":true,"href":"https:\/\/www.lintelligentdabidjan.info\/news\/wp-json\/wp\/v2\/media\/16042"}],"wp:attachment":[{"href":"https:\/\/www.lintelligentdabidjan.info\/news\/wp-json\/wp\/v2\/media?parent=16041"}],"wp:term":[{"taxonomy":"category","embeddable":true,"href":"https:\/\/www.lintelligentdabidjan.info\/news\/wp-json\/wp\/v2\/categories?post=16041"},{"taxonomy":"post_tag","embeddable":true,"href":"https:\/\/www.lintelligentdabidjan.info\/news\/wp-json\/wp\/v2\/tags?post=16041"}],"curies":[{"name":"wp","href":"https:\/\/api.w.org\/{rel}","templated":true}]}}