{"id":16082,"date":"2019-09-17T01:53:04","date_gmt":"2019-09-16T23:53:04","guid":{"rendered":"https:\/\/www.lintelligentdabidjan.info\/news\/?p=16082"},"modified":"2019-09-17T01:53:21","modified_gmt":"2019-09-16T23:53:21","slug":"sam-lafrica-pdt-nacip-les-ivoiriens-demontrent-ainsi-leur-amour-au-president-gbagbo-a-la-paix-et-a-la-reconciliation","status":"publish","type":"post","link":"https:\/\/www.lintelligentdabidjan.info\/news\/sam-lafrica-pdt-nacip-les-ivoiriens-demontrent-ainsi-leur-amour-au-president-gbagbo-a-la-paix-et-a-la-reconciliation\/","title":{"rendered":"Sam l\u2019Africa (Pdt Nacip) : \u00ab Les ivoiriens d\u00e9montrent ainsi leur amour au Pr\u00e9sident Gbagbo, \u00e0 la paix et \u00e0 la r\u00e9conciliation \u00bb"},"content":{"rendered":"<p><em><strong>Le samedi 14 septembre 2019, Sam l\u2019Africain, pr\u00e9sident de Nacip, pr\u00e9sent au meeting de l\u2019opposition au parc des Sports de Treichville, pense que ce rassemblement de l\u2019opposition est le signe de la soif des ivoiriens pour la r\u00e9conciliation et de  leur amour pour l\u2019ex-pr\u00e9sident Laurent Gbagbo.<\/strong><\/em><\/p>\n<p>\u00abJe suis content de cette mobilisation. Je me rends compte aujourd\u2019hui que les ivoiriens ont soif de la r\u00e9conciliation. Ils ont soif du retour du Pr\u00e9sident Laurent Gbagbo. Ils sont ici nombreux pour d\u00e9montrer leur amour au Pr\u00e9sident Laurent Gbagbo, \u00e0 la paix et \u00e0 la r\u00e9conciliation.  Ils sont l\u00e0 pour exprimer leur approbation au rapprochement entre Laurent Gbagbo et Henri Konan B\u00e9di\u00e9, pour aller \u00e0 la r\u00e9conciliation nationale. 2020 est encore tr\u00e8s loin. Il peut encore se passer beaucoup de choses. Mais avant, r\u00e9glons d\u2019abord les vrais probl\u00e8mes des ivoiriens qui est la r\u00e9conciliation. Et cela passe par le retour du pr\u00e9sident Laurent Gbagbo aupr\u00e8s de sa famille\u00bb, a-t-il indiqu\u00e9.<\/p>\n<p><strong>J-H K<\/strong><\/p>\n","protected":false},"excerpt":{"rendered":"<p>Le samedi 14 septembre 2019, Sam l\u2019Africain, pr\u00e9sident de Nacip, pr\u00e9sent au meeting de l\u2019opposition au parc des Sports de Treichville, pense que ce rassemblement de l\u2019opposition est le signe de la soif des ivoiriens pour la r\u00e9conciliation et de leur amour pour l\u2019ex-pr\u00e9sident Laurent Gbagbo. \u00abJe suis content de cette mobilisation. Je me rends [&hellip;]<\/p>\n","protected":false},"author":3,"featured_media":16083,"comment_status":"closed","ping_status":"closed","sticky":false,"template":"","format":"standard","meta":{"_monsterinsights_skip_tracking":false,"_monsterinsights_sitenote_active":false,"_monsterinsights_sitenote_note":"","_monsterinsights_sitenote_category":0,"footnotes":""},"categories":[2,17],"tags":[],"class_list":["post-16082","post","type-post","status-publish","format-standard","has-post-thumbnail","hentry","category-featured","category-politique"],"_links":{"self":[{"href":"https:\/\/www.lintelligentdabidjan.info\/news\/wp-json\/wp\/v2\/posts\/16082","targetHints":{"allow":["GET"]}}],"collection":[{"href":"https:\/\/www.lintelligentdabidjan.info\/news\/wp-json\/wp\/v2\/posts"}],"about":[{"href":"https:\/\/www.lintelligentdabidjan.info\/news\/wp-json\/wp\/v2\/types\/post"}],"author":[{"embeddable":true,"href":"https:\/\/www.lintelligentdabidjan.info\/news\/wp-json\/wp\/v2\/users\/3"}],"replies":[{"embeddable":true,"href":"https:\/\/www.lintelligentdabidjan.info\/news\/wp-json\/wp\/v2\/comments?post=16082"}],"version-history":[{"count":1,"href":"https:\/\/www.lintelligentdabidjan.info\/news\/wp-json\/wp\/v2\/posts\/16082\/revisions"}],"predecessor-version":[{"id":16084,"href":"https:\/\/www.lintelligentdabidjan.info\/news\/wp-json\/wp\/v2\/posts\/16082\/revisions\/16084"}],"wp:featuredmedia":[{"embeddable":true,"href":"https:\/\/www.lintelligentdabidjan.info\/news\/wp-json\/wp\/v2\/media\/16083"}],"wp:attachment":[{"href":"https:\/\/www.lintelligentdabidjan.info\/news\/wp-json\/wp\/v2\/media?parent=16082"}],"wp:term":[{"taxonomy":"category","embeddable":true,"href":"https:\/\/www.lintelligentdabidjan.info\/news\/wp-json\/wp\/v2\/categories?post=16082"},{"taxonomy":"post_tag","embeddable":true,"href":"https:\/\/www.lintelligentdabidjan.info\/news\/wp-json\/wp\/v2\/tags?post=16082"}],"curies":[{"name":"wp","href":"https:\/\/api.w.org\/{rel}","templated":true}]}}