{"id":16088,"date":"2019-09-18T00:39:12","date_gmt":"2019-09-17T22:39:12","guid":{"rendered":"https:\/\/www.lintelligentdabidjan.info\/news\/?p=16088"},"modified":"2019-09-18T00:42:13","modified_gmt":"2019-09-17T22:42:13","slug":"revision-du-code-de-lenvironnementla-cote-divoire-veut-un-instrument-juridique-fort","status":"publish","type":"post","link":"https:\/\/www.lintelligentdabidjan.info\/news\/revision-du-code-de-lenvironnementla-cote-divoire-veut-un-instrument-juridique-fort\/","title":{"rendered":"R\u00e9vision du Code de l\u2019Environnement:La C\u00f4te d\u2019Ivoire veut un instrument juridique fort"},"content":{"rendered":"<p><em><strong>Le ministre de l\u2019Environnement et du D\u00e9veloppement Durable, le Professeur Joseph S\u00e9ka S\u00e9ka a pr\u00e9sid\u00e9 la r\u00e9union de cadrage et d\u2019orientation du processus de r\u00e9vision de la loi cadre portant sur le Code de l\u2019Environnement le jeudi 12 septembre 2019 dans un r\u00e9ceptif h\u00f4telier \u00e0 Cocody.<\/strong><\/em><\/p>\n<p>La C\u00f4te d\u2019Ivoire veut se doter d\u2019un instrument juridique performant et dynamique pour r\u00e9glementer les activit\u00e9s environnementales. C\u2019est une \u00e9tape du processus de r\u00e9vision du Code de l\u2019Environnement lanc\u00e9 en Octobre 2018 et devant aboutir \u00e0 l\u2019\u00e9laboration d\u2019une loi. Cet atelier vise \u00e0 assurer la qualit\u00e9 et le succ\u00e8s dans le fond et la forme de la r\u00e9vision de la Loi n\u00b0 96-766 du 03 octobre 1996.<\/p>\n<p>Le Ministre a indiqu\u00e9 que cette r\u00e9vision vient \u00e0 point nomm\u00e9 pour faire face aux d\u00e9fis actuels de l\u2019environnement \u00e0 savoir les probl\u00e8mes d\u2019\u00e9rosion c\u00f4ti\u00e8re, de changement climatique, d\u2019inondation\u2026<\/p>\n<p>Cet am\u00e9nagement de la loi permettra, selon Joseph S\u00e9ka S\u00e9ka, \u00e0 la C\u00f4te d\u2019Ivoire de se mettre en conformit\u00e9 avec les exigences nationales et internationales du droit en mati\u00e8re d\u2019environnement. Pendant la tenue des travaux,Madeleine Sopi Acko Directrice de l\u2019Agence Nationale de l\u2019Environnement (ANDE), chef d\u2019\u0153uvre du processus, a pr\u00e9sent\u00e9 aux ministres et aux partenaires les diff\u00e9rents organes copt\u00e9s pour la r\u00e9vision du code.<\/p>\n<p>Cette cellule de r\u00e9flexion est compos\u00e9e d\u2019un comit\u00e9 de pilotage, d\u2019une coordination g\u00e9n\u00e9rale et d\u2019un comit\u00e9 scientifique.  Quant \u00e0 leurs missions respectives, le comit\u00e9 de pilotage est charg\u00e9 de donner les orientations g\u00e9n\u00e9rales. La coordination g\u00e9n\u00e9rale assure l\u2019administration g\u00e9n\u00e9rale. Force a \u00e9t\u00e9 donn\u00e9e au comit\u00e9 scientifique de superviser toutes les activit\u00e9s \u00e0 mener jusqu\u2019\u00e0 l\u2019adoption finale du nouveau Code de l\u2019Environnement. Cette \u00e9quipe est constitu\u00e9e d\u2019imminents experts des diff\u00e9rents minist\u00e8res techniques, d\u2019institutions, du secteur priv\u00e9 et de la soci\u00e9t\u00e9 civile.<\/p>\n<p>Ces organes sont charg\u00e9s de cadrer et d\u2019orienter le processus \u00e0 bon escient.<br \/>\n<strong><br \/>\nEF avec SERCOM MINEDD<\/strong><\/p>\n","protected":false},"excerpt":{"rendered":"<p>Le ministre de l\u2019Environnement et du D\u00e9veloppement Durable, le Professeur Joseph S\u00e9ka S\u00e9ka a pr\u00e9sid\u00e9 la r\u00e9union de cadrage et d\u2019orientation du processus de r\u00e9vision de la loi cadre portant sur le Code de l\u2019Environnement le jeudi 12 septembre 2019 dans un r\u00e9ceptif h\u00f4telier \u00e0 Cocody. La C\u00f4te d\u2019Ivoire veut se doter d\u2019un instrument juridique [&hellip;]<\/p>\n","protected":false},"author":3,"featured_media":16091,"comment_status":"closed","ping_status":"closed","sticky":false,"template":"","format":"standard","meta":{"footnotes":""},"categories":[2,3],"tags":[],"class_list":["post-16088","post","type-post","status-publish","format-standard","has-post-thumbnail","hentry","category-featured","category-societe"],"_links":{"self":[{"href":"https:\/\/www.lintelligentdabidjan.info\/news\/wp-json\/wp\/v2\/posts\/16088","targetHints":{"allow":["GET"]}}],"collection":[{"href":"https:\/\/www.lintelligentdabidjan.info\/news\/wp-json\/wp\/v2\/posts"}],"about":[{"href":"https:\/\/www.lintelligentdabidjan.info\/news\/wp-json\/wp\/v2\/types\/post"}],"author":[{"embeddable":true,"href":"https:\/\/www.lintelligentdabidjan.info\/news\/wp-json\/wp\/v2\/users\/3"}],"replies":[{"embeddable":true,"href":"https:\/\/www.lintelligentdabidjan.info\/news\/wp-json\/wp\/v2\/comments?post=16088"}],"version-history":[{"count":1,"href":"https:\/\/www.lintelligentdabidjan.info\/news\/wp-json\/wp\/v2\/posts\/16088\/revisions"}],"predecessor-version":[{"id":16090,"href":"https:\/\/www.lintelligentdabidjan.info\/news\/wp-json\/wp\/v2\/posts\/16088\/revisions\/16090"}],"wp:featuredmedia":[{"embeddable":true,"href":"https:\/\/www.lintelligentdabidjan.info\/news\/wp-json\/wp\/v2\/media\/16091"}],"wp:attachment":[{"href":"https:\/\/www.lintelligentdabidjan.info\/news\/wp-json\/wp\/v2\/media?parent=16088"}],"wp:term":[{"taxonomy":"category","embeddable":true,"href":"https:\/\/www.lintelligentdabidjan.info\/news\/wp-json\/wp\/v2\/categories?post=16088"},{"taxonomy":"post_tag","embeddable":true,"href":"https:\/\/www.lintelligentdabidjan.info\/news\/wp-json\/wp\/v2\/tags?post=16088"}],"curies":[{"name":"wp","href":"https:\/\/api.w.org\/{rel}","templated":true}]}}