{"id":16167,"date":"2019-09-20T10:55:30","date_gmt":"2019-09-20T08:55:30","guid":{"rendered":"https:\/\/www.lintelligentdabidjan.info\/news\/?p=16167"},"modified":"2019-09-20T13:16:46","modified_gmt":"2019-09-20T11:16:46","slug":"16167-2","status":"publish","type":"post","link":"https:\/\/www.lintelligentdabidjan.info\/news\/16167-2\/","title":{"rendered":"De faux documents de Transports saisis, Amadou Kon\u00e9 met en garde (C\u00f4te d\u2019Ivoire)"},"content":{"rendered":"<div dir=\"ltr\"><b>Suite au d\u00e9mant\u00e8lement d\u2019un r\u00e9seau de faussaires sur les documents administratifs du transport routier, le mardi 17 septembre 2019, le Ministre des Transports, Amadou Kon\u00e9, a anim\u00e9 un point de presse jeudi 19 septembre 2019 \u00e0 son cabinet, sis au 21e \u00e9tage de l&#8217;immeuble Postel 2001, au Plateau.<\/b><\/div>\n<p><!--more--><\/p>\n<div dir=\"ltr\">L\u2019op\u00e9ration a permis de d\u00e9couvrir des cartes falsifi\u00e9es de permis internationaux, des cartes grises nationales et\u00a0 internationales, des autorisations de transports de marchandises publics, \u00e0 l\u2019ancien format. Du mat\u00e9riel a \u00e9t\u00e9 saisi, et un suspect a \u00e9t\u00e9 arr\u00eat\u00e9.<\/div>\n<div dir=\"ltr\"><\/div>\n<div dir=\"ltr\"><img loading=\"lazy\" decoding=\"async\" class=\"alignnone size-medium wp-image-16170\" src=\"https:\/\/www.lintelligentdabidjan.info\/news\/wp-content\/uploads\/2019\/09\/CFEA6B5A-8CD0-40C7-A461-FFF7F19139A0-300x200.jpeg\" alt=\"CFEA6B5A-8CD0-40C7-A461-FFF7F19139A0\" width=\"300\" height=\"200\" srcset=\"https:\/\/www.lintelligentdabidjan.info\/news\/wp-content\/uploads\/2019\/09\/CFEA6B5A-8CD0-40C7-A461-FFF7F19139A0-300x200.jpeg 300w, https:\/\/www.lintelligentdabidjan.info\/news\/wp-content\/uploads\/2019\/09\/CFEA6B5A-8CD0-40C7-A461-FFF7F19139A0-768x512.jpeg 768w, https:\/\/www.lintelligentdabidjan.info\/news\/wp-content\/uploads\/2019\/09\/CFEA6B5A-8CD0-40C7-A461-FFF7F19139A0-1024x683.jpeg 1024w, https:\/\/www.lintelligentdabidjan.info\/news\/wp-content\/uploads\/2019\/09\/CFEA6B5A-8CD0-40C7-A461-FFF7F19139A0-696x464.jpeg 696w, https:\/\/www.lintelligentdabidjan.info\/news\/wp-content\/uploads\/2019\/09\/CFEA6B5A-8CD0-40C7-A461-FFF7F19139A0-1068x712.jpeg 1068w, https:\/\/www.lintelligentdabidjan.info\/news\/wp-content\/uploads\/2019\/09\/CFEA6B5A-8CD0-40C7-A461-FFF7F19139A0-630x420.jpeg 630w\" sizes=\"auto, (max-width: 300px) 100vw, 300px\" \/><\/div>\n<div dir=\"ltr\"><\/div>\n<div dir=\"ltr\">Amadou Kon\u00e9 a expliqu\u00e9 les circonstances de ce coup de filet op\u00e9r\u00e9 par les \u00e9l\u00e9ments de la police nationale d\u00e9tach\u00e9s aupr\u00e8s du Centre de Gestion Int\u00e9gr\u00e9e (CGI) du Minist\u00e8re des Transports. Il a f\u00e9licit\u00e9 ces agents de police, et a exhort\u00e9 les usagers de l\u2019administration des transports \u00e0 fr\u00e9quenter les CGI, seuls habilit\u00e9s a d\u00e9livrer des titres authentiques.<\/div>\n<div dir=\"ltr\"><\/div>\n<div dir=\"ltr\">Le Ministre des Transports a \u00e9galement r\u00e9affirm\u00e9 la d\u00e9termination du gouvernement \u00e0 tout mettre en \u0153uvre pour assainir et moderniser le secteur des transports, notamment par l\u2019identification des v\u00e9hicules constituant le parc automobile ainsi que leurs propri\u00e9taires.<\/div>\n<div dir=\"ltr\"><\/div>\n<div dir=\"ltr\"><\/div>\n","protected":false},"excerpt":{"rendered":"<p>Suite au d\u00e9mant\u00e8lement d\u2019un r\u00e9seau de faussaires sur les documents administratifs du transport routier, le mardi 17 septembre 2019, le Ministre des Transports, Amadou Kon\u00e9, a anim\u00e9 un point de presse jeudi 19 septembre 2019 \u00e0 son cabinet, sis au 21e \u00e9tage de l&#8217;immeuble Postel 2001, au Plateau.<\/p>\n","protected":false},"author":3,"featured_media":16168,"comment_status":"closed","ping_status":"closed","sticky":false,"template":"","format":"standard","meta":{"_monsterinsights_skip_tracking":false,"_monsterinsights_sitenote_active":false,"_monsterinsights_sitenote_note":"","_monsterinsights_sitenote_category":0,"footnotes":""},"categories":[2,18],"tags":[430,473,77,474],"class_list":["post-16167","post","type-post","status-publish","format-standard","has-post-thumbnail","hentry","category-featured","category-economie","tag-aboudramane-sangare","tag-amadou-kone","tag-cote-divoire","tag-transport"],"_links":{"self":[{"href":"https:\/\/www.lintelligentdabidjan.info\/news\/wp-json\/wp\/v2\/posts\/16167","targetHints":{"allow":["GET"]}}],"collection":[{"href":"https:\/\/www.lintelligentdabidjan.info\/news\/wp-json\/wp\/v2\/posts"}],"about":[{"href":"https:\/\/www.lintelligentdabidjan.info\/news\/wp-json\/wp\/v2\/types\/post"}],"author":[{"embeddable":true,"href":"https:\/\/www.lintelligentdabidjan.info\/news\/wp-json\/wp\/v2\/users\/3"}],"replies":[{"embeddable":true,"href":"https:\/\/www.lintelligentdabidjan.info\/news\/wp-json\/wp\/v2\/comments?post=16167"}],"version-history":[{"count":4,"href":"https:\/\/www.lintelligentdabidjan.info\/news\/wp-json\/wp\/v2\/posts\/16167\/revisions"}],"predecessor-version":[{"id":16173,"href":"https:\/\/www.lintelligentdabidjan.info\/news\/wp-json\/wp\/v2\/posts\/16167\/revisions\/16173"}],"wp:featuredmedia":[{"embeddable":true,"href":"https:\/\/www.lintelligentdabidjan.info\/news\/wp-json\/wp\/v2\/media\/16168"}],"wp:attachment":[{"href":"https:\/\/www.lintelligentdabidjan.info\/news\/wp-json\/wp\/v2\/media?parent=16167"}],"wp:term":[{"taxonomy":"category","embeddable":true,"href":"https:\/\/www.lintelligentdabidjan.info\/news\/wp-json\/wp\/v2\/categories?post=16167"},{"taxonomy":"post_tag","embeddable":true,"href":"https:\/\/www.lintelligentdabidjan.info\/news\/wp-json\/wp\/v2\/tags?post=16167"}],"curies":[{"name":"wp","href":"https:\/\/api.w.org\/{rel}","templated":true}]}}