{"id":16215,"date":"2019-09-24T10:32:48","date_gmt":"2019-09-24T08:32:48","guid":{"rendered":"https:\/\/www.lintelligentdabidjan.info\/news\/?p=16215"},"modified":"2019-09-24T11:28:38","modified_gmt":"2019-09-24T09:28:38","slug":"cote-divoireouattara-a-dimbokrodecryptage-exclusif-dune-visite-detat-differente-des-autres","status":"publish","type":"post","link":"https:\/\/www.lintelligentdabidjan.info\/news\/cote-divoireouattara-a-dimbokrodecryptage-exclusif-dune-visite-detat-differente-des-autres\/","title":{"rendered":"C\u00f4te d\u2019Ivoire,Ouattara \u00e0 Dimbokro:d\u00e9cryptage exclusif d\u2019une visite d\u2019\u00c9tat diff\u00e9rente des autres"},"content":{"rendered":"<p><em><strong>Chaque homme politique s\u2019incarne dans un lieu symbolique, une terre de l\u2019origine et de l\u2019enracinement. Revenir en ce lieu et y prononcer un discours, lorsqu\u2019on est Pr\u00e9sident de la R\u00e9publique, c\u2019est donner \u00e0 ce lieu une forte valeur symbolique. <\/strong><\/em><\/p>\n<p>La figure d\u2019Houphou\u00ebt-Boigny est attach\u00e9e \u00e0 N&#8217;Gokro, rebaptis\u00e9 Yamoussoukro en hommage \u00e0 la Reine Yamousso ; celle de B\u00e9di\u00e9, \u00e0 Daoukro, o\u00f9 a \u00e9t\u00e9 prononc\u00e9, le 17 septembre 2014, le fameux Appel de Daoukro, qui scelle d\u00e9finitivement l\u2019alliance du RHDP. Qu\u2019il le veuille ou pas, au moment o\u00f9 il ne r\u00eave que de retour au pays, Mama reste pour Laurent Gbagbo, la terre d\u2019origine, le lien de d\u00e9part avec la C\u00f4te d\u2019Ivoire.<\/p>\n<p>Pr\u00e9sident de la R\u00e9publique sans entraves depuis le 6 mai 2011, Alassane Ouattara, est n\u00e9 le 1er janvier 1942 \u00e0 Dimbokro, une ville du centre de la C\u00f4te d\u2019Ivoire, situ\u00e9e \u00e0 240 km au nord de la capitale \u00e9conomique Abidjan, et \u00e0 80 km au sud-est de la capitale politique Yamoussoukro. <\/p>\n<p>Pour donner davantage \u00e0 Dimbokro une forte valeur symbolique en dehors des passages du Pr\u00e9sident F\u00e9lix Houphou\u00ebt-Boigny dans la ville, et de l\u2019action de ses dignes fils comme Kon\u00e9 Samba Ambroise, Alassane Ouattara sera-t-il tent\u00e9 d\u2019y prononcer un Discours fondateur d\u2019une \u00e8re politique nouvelle, lors de sa visite d\u2019\u00c9tat le 25 septembre 2019 ? <\/p>\n<p>L\u2019Histoire vient nous rappeler que, en d\u00e9cembre 1994, l\u2019Assembl\u00e9e nationale de C\u00f4te d\u2019Ivoire vote une modification du code \u00e9lectoral qui pr\u00e9voit que nul ne peut \u00eatre \u00e9lu pr\u00e9sident de la R\u00e9publique s&#8217;il \u00ab n&#8217;est Ivoirien de naissance, n\u00e9 de p\u00e8re et m\u00e8re eux-m\u00eames Ivoiriens de naissance \u00bb, s&#8217;il n&#8217;a pas r\u00e9sid\u00e9 de fa\u00e7on continue en C\u00f4te d&#8217;Ivoire pendant les cinq ann\u00e9es qui pr\u00e9c\u00e8dent le scrutin ou encore s&#8217;il a la nationalit\u00e9 d&#8217;un autre \u00c9tat. Avec ce code \u00e9lectoral, le Pr\u00e9sident B\u00e9di\u00e9 installe le concept d\u2019\u00ab ivoirit\u00e9 \u00bb, en vue d\u2019emp\u00eacher la candidature d\u2019Alassane Ouattara.<\/p>\n<p>\u200bLes ruses de l\u2019Histoire et de la politique font que B\u00e9di\u00e9 et Ouattara feront alliance \u00e0 travers le RHDP pour acc\u00e9der au pouvoir. Ces m\u00eames ruses entra\u00eeneront la rupture entre les deux hommes. <\/p>\n<p>Henri Konan B\u00e9di\u00e9 quitte en principe Paris pour la C\u00f4te d\u2019Ivoire ce mardi 24 septembre 2019. Nul doute qu\u2019il se rendra \u00e0 Daoukro, lieu symbolique pour lui, d\u2019o\u00f9 sera peut-\u00eatre prononc\u00e9 un Appel de Daoukro II, lan\u00e7ant sa strat\u00e9gie de campagne pour la Pr\u00e9sidentielle de 2020.<\/p>\n<p>Est-ce un hasard du calendrier \u00e9lectoral ? Ce 25 septembre 2019 Alassane Ouattara d\u00e9bute une visite d\u2019\u00c9tat \u00e0 Dimbokro, sa ville natale, dont la situation g\u00e9ographique, au centre de la C\u00f4te d\u2019Ivoire, symbolise une C\u00f4te d\u2019Ivoire des territoires. <\/p>\n<p>Parler de certaines choses depuis Abidjan serait classique et normal , la capitale \u00e9conomique incarnant une puissance verticale nationale, alors que Dimbokro symbolise un \u00e9lan horizontal qui rassemble les territoires. <\/p>\n<p>Ainsi \u00e0 compter de Mercredi 25 septembre2019, et ce, pour 72 heures, les regards des populations ivoiriennes seront tourn\u00e9s vers la r\u00e9gion du N\u2019Zi Como\u00e9 dans le cadre de la visite d\u2019\u00c9tat que le chef de l\u2019\u00c9tat, Alassane Ouattara y entreprend. <\/p>\n<p>Au-del\u00e0 d\u2019une simple reprise des visites d\u2019\u00c9tat, qui avaient cess\u00e9 depuis plusieurs ann\u00e9es, cette \u00e9tape dans le Nzi Como\u00e9 suscite d\u2019autant plus de l\u2019int\u00e9r\u00eat qu\u2019il s\u2019agit de la r\u00e9gion natale du Pr\u00e9sident de la R\u00e9publique. <\/p>\n<p>Au plus fort de la contestation de la nationalit\u00e9 ivoirienne d\u2019Alassane Ouattara, il n\u2019\u00e9tait jamais venu \u00e0 l\u2019esprit de quiconque de remettre en cause ce fait incontestable : naissance \u00e0 Dimbroko, terre ivoirienne, terre de C\u00f4te d\u2019Ivoire ! <\/p>\n<p>Dimbokro incarne pour Alassane Ouattara un h\u00e9ritage culturel que le concept d\u2019 \u00ab ivoirit\u00e9 \u00bb avait os\u00e9  lui \u00f4ter ou lui d\u00e9nier , en m\u00eame temps qu\u2019il avait tent\u00e9 de lui arracher toute son identit\u00e9 profonde.<\/p>\n<p>C\u2019est donc en fils prodige, en fils du terroir , et m\u00eame en fils prodigue que le chef de l\u2019\u00c9tat ivoirien foulera la r\u00e9gion du Nzi Como\u00e9, et particuli\u00e8rement la ville de Dimbokro, qui lui rappelleront de nombreux souvenirs qu\u2019il voudra partager avec les populations m\u00eame si les Ivoiriennes et les Ivoiriens, ainsi que des observateurs de la vie socio-politique en C\u00f4te d\u2019Ivoire, peuvent avoir l\u2019impression de d\u00e9j\u00e0 tout conna\u00eetre du parcours de l\u2019\u00e9conomiste travaillant au FMI et de l\u2019homme d\u2019\u00c9tat , devenu Pr\u00e9sident de la R\u00e9publique, tellement sa vie a \u00e9t\u00e9 fouill\u00e9e, visit\u00e9e, et scrut\u00e9e aussi bien par ses adversaires politiques, que par ses partisans. <\/p>\n<p>\u200b\u00c0 Dimbokro, Alassane Ouattara voudra \u00e9voquer les souvenirs des ann\u00e9es de l\u2019enfance et de l\u2019adolescence. Les visages, les noms, les lieux, les maisons et les paysages d\u00e9fileront dans sa m\u00e9moire, donnant \u00e0 cette visite d\u2019\u00c9tat une forte charge \u00e9motionnelle. <\/p>\n<p>En se rendant \u00e0 Dimbokro, longtemps apr\u00e8s \u00ab servi \u00bb les autres donnant l\u2019impression<br \/>\n\u00ab\u00a0d\u2019oublier\u00a0\u00bb, \u00ab\u00a0d\u2019abandonner\u00a0\u00bb les siens, et de ne pas penser autant \u00e0 eux qu\u2019aux autres ivoiriens, Alassane Ouattara part \u00e0 la rencontre de ses racines, des racines qui sont, pour chaque homme, l\u2019\u00e9l\u00e9ment constitutif de son identit\u00e9 profonde.<\/p>\n<p>Alassane Ouattara n\u2019oublie pourtant pas, en tant que Chef d\u2019\u00c9tat , qu\u2019il d\u00e9tient en partie le destin de la C\u00f4te d\u2019Ivoire entre ses mains. Il voudra alors peut-\u00eatre faire de cette visite d\u2019\u00c9tat un moment de d\u00e9cisions fortes. <\/p>\n<p>Ainsi des \u00e9chos font \u00e9tat de la possibilit\u00e9 de la signature, \u00e0 Dimbokro, du d\u00e9cret portant composition de la nouvelle CEI, et m\u00eame de l\u2019annonce de la r\u00e9vision de la constitution : des actes forts qui vont impacter la pr\u00e9sidentielle de 2020. <\/p>\n<p>Il est possible aussi que soit prononc\u00e9 un Discours majeur, une sorte d\u2019Appel de Dimbokro \u00e0 l\u2019unit\u00e9 nationale, destin\u00e9 \u00e0 rester dans l\u2019Histoire. Faisant de cette visite d\u2019\u00c9tat, une visite majeure diff\u00e9rente des autres d\u00e9j\u00e0 effectu\u00e9es dans le pays ! <\/p>\n<p>Attendons pour voir&#8230;..<\/p>\n<p><strong>Charles Kouassi <\/strong><\/p>\n","protected":false},"excerpt":{"rendered":"<p>Chaque homme politique s\u2019incarne dans un lieu symbolique, une terre de l\u2019origine et de l\u2019enracinement. Revenir en ce lieu et y prononcer un discours, lorsqu\u2019on est Pr\u00e9sident de la R\u00e9publique, c\u2019est donner \u00e0 ce lieu une forte valeur symbolique. La figure d\u2019Houphou\u00ebt-Boigny est attach\u00e9e \u00e0 N&#8217;Gokro, rebaptis\u00e9 Yamoussoukro en hommage \u00e0 la Reine Yamousso ; [&hellip;]<\/p>\n","protected":false},"author":3,"featured_media":16217,"comment_status":"closed","ping_status":"closed","sticky":false,"template":"","format":"standard","meta":{"_monsterinsights_skip_tracking":false,"_monsterinsights_sitenote_active":false,"_monsterinsights_sitenote_note":"","_monsterinsights_sitenote_category":0,"footnotes":""},"categories":[2,17],"tags":[],"class_list":["post-16215","post","type-post","status-publish","format-standard","has-post-thumbnail","hentry","category-featured","category-politique"],"_links":{"self":[{"href":"https:\/\/www.lintelligentdabidjan.info\/news\/wp-json\/wp\/v2\/posts\/16215","targetHints":{"allow":["GET"]}}],"collection":[{"href":"https:\/\/www.lintelligentdabidjan.info\/news\/wp-json\/wp\/v2\/posts"}],"about":[{"href":"https:\/\/www.lintelligentdabidjan.info\/news\/wp-json\/wp\/v2\/types\/post"}],"author":[{"embeddable":true,"href":"https:\/\/www.lintelligentdabidjan.info\/news\/wp-json\/wp\/v2\/users\/3"}],"replies":[{"embeddable":true,"href":"https:\/\/www.lintelligentdabidjan.info\/news\/wp-json\/wp\/v2\/comments?post=16215"}],"version-history":[{"count":3,"href":"https:\/\/www.lintelligentdabidjan.info\/news\/wp-json\/wp\/v2\/posts\/16215\/revisions"}],"predecessor-version":[{"id":16221,"href":"https:\/\/www.lintelligentdabidjan.info\/news\/wp-json\/wp\/v2\/posts\/16215\/revisions\/16221"}],"wp:featuredmedia":[{"embeddable":true,"href":"https:\/\/www.lintelligentdabidjan.info\/news\/wp-json\/wp\/v2\/media\/16217"}],"wp:attachment":[{"href":"https:\/\/www.lintelligentdabidjan.info\/news\/wp-json\/wp\/v2\/media?parent=16215"}],"wp:term":[{"taxonomy":"category","embeddable":true,"href":"https:\/\/www.lintelligentdabidjan.info\/news\/wp-json\/wp\/v2\/categories?post=16215"},{"taxonomy":"post_tag","embeddable":true,"href":"https:\/\/www.lintelligentdabidjan.info\/news\/wp-json\/wp\/v2\/tags?post=16215"}],"curies":[{"name":"wp","href":"https:\/\/api.w.org\/{rel}","templated":true}]}}