{"id":16271,"date":"2019-09-26T01:46:26","date_gmt":"2019-09-25T23:46:26","guid":{"rendered":"https:\/\/www.lintelligentdabidjan.info\/news\/?p=16271"},"modified":"2019-09-26T09:53:46","modified_gmt":"2019-09-26T07:53:46","slug":"dimbokrobile-diemeleoumaire-ce-que-le-chef-de-letat-ma-dit-a-son-arrivee-dans-la-villecote-divoire","status":"publish","type":"post","link":"https:\/\/www.lintelligentdabidjan.info\/news\/dimbokrobile-diemeleoumaire-ce-que-le-chef-de-letat-ma-dit-a-son-arrivee-dans-la-villecote-divoire\/","title":{"rendered":"Dimbokro,Bil\u00e9 Di\u00e9m\u00e9l\u00e9ou,maire :\u201cCe que le chef de l\u2019\u00c9tat m\u2019a dit \u00e0 son arriv\u00e9e dans la ville\u201dC\u00f4te d\u2019Ivoire"},"content":{"rendered":"<p><em><strong>Dans cet entretien accord\u00e9 \u00e0 l\u2019IA apr\u00e8s l&#8217;arriv\u00e9e du Pr\u00e9sident de la R\u00e9publique Alassane Ouattara \u00e0 Dimbokro le mercredi 25 septembre 2019, Bil\u00e9 Di\u00e9m\u00e9l\u00e9ou Gabriel, le maire de la commune, exprime sa joie de voir \u00ab enfin \u00bb la visite d\u2019\u00c9tat d\u00e9marrer, et dit tous les espoirs que sa population et lui placent en elle.<\/strong><\/em><\/p>\n<p><strong>Quels sentiments vous animent en ce moment o\u00f9 le Pr\u00e9sident de la R\u00e9publique d\u00e9marre  sa visite d\u2019\u00c9tat  dans le N\u2019Zi ?<\/strong><\/p>\n<p>Ce sont des sentiments  de joie et de fiert\u00e9. Je suis fier de voir que le Chef de l\u2019\u00c9tat a effectivement  d\u00e9marr\u00e9 sa visite. Fiert\u00e9, parce que \u00e7a fait  une longue attente. Et lui-m\u00eame, quand il me saluait tout \u00e0 l\u2019heure (\u00e0 son arriv\u00e9e a Dimbokro, le mercredi 25 septembre 2019. Ndlr), il m\u2019a dit, \u00abtu vois, je suis venu. Je t\u2019avais dit\u00bb. Je lui ai r\u00e9pondu \u00abMonsieur le pr\u00e9sident, la population est l\u00e0 pour vous.  Et ce sont vos fr\u00e8res.  Donc,  nous sommes sortis  aussi pour vous accueillir\u00bb. C\u2019est cette joie qui est partag\u00e9e par tout ce monde, qui a \u00e9t\u00e9 vue le long de son parcours. Il y a tout un chapelet de dol\u00e9ances. Nous allons faire beaucoup de choses.<\/p>\n<p><strong>Justement, qu&#8217;est-ce que cela vous a fait de voir tout ce monde dehors ?<\/strong><\/p>\n<p>J\u2019appelle cela, la r\u00e9ponse \u00e0 l\u2019appel. Voil\u00e0 que la population est sortie  pour effectivement  voir que le Pr\u00e9sident Alassane Ouattara est arriv\u00e9. C\u2019est un rendez-vous qui a mis du temps \u00e0 se concr\u00e9tiser. Mais ils sont en joie, parce qu\u2019ils se disent qu\u2019ils sont venus pour le voir lui-m\u00eame.  Et lui confirmer que sa visite \u00e9tait attendue. J&#8217;ai vu le chapelet de dol\u00e9ances.<br \/>\n <strong><br \/>\nDimbokro est chef de r\u00e9gion du N\u2019Zi.  Il y a effectivement beaucoup d\u2019attentes. Peut-on avoir une id\u00e9e des dol\u00e9ances que vous aurez \u00e0 pr\u00e9senter au Pr\u00e9sident ? Quelles sont les difficult\u00e9s  que vous avez ici ?<\/strong><\/p>\n<p>Les dol\u00e9ances, il y a en toujours.  Vous avez vu que le Pr\u00e9sident a commenc\u00e9 \u00e0 \u00e9lectrifier un certain nombre de  villages . Les derniers villages devraient \u00eatre \u00e9lectrifi\u00e9s avant fin 2020. Les poteaux  sont arriv\u00e9s. Cela va \u00eatre r\u00e9gl\u00e9.  Nous avons demand\u00e9 un pont sur le N\u2019Zi pour les voitures. Ceci, de sorte \u00e0 ce que, les populations qui vivent dans les villages situ\u00e9s sur l\u2019autre rive, puissent venir facilement a Dimbokro. \u00c0 l&#8217;heure actuelle, c&#8217;est sur les rails que l&#8217;on traverse le fleuve. Il faut donc un pont pour les voitures. Actuellement, on parcourt 25 km pour se rendre dans ces villages en voiture. Alors que, s&#8217;il y avait un pont pour les voitures sur le fleuve, on n&#8217;a que 300 m\u00e8tres \u00e0 parcourir.  Ce pont est donc n\u00e9cessaire. Cela fait un gain de temps.  Nous avons aussi demand\u00e9 qu\u2019il y ait  la route Dimbokro \u2013 Bongouanou  et, bien s\u00fbr, Dimbokro- Kouassi Kouassikro. Ce sont des dol\u00e9ances. Le Pr\u00e9sident de la R\u00e9publique nous r\u00e9pondra lors du meeting du samedi 28 septembre 2019. Il dira ce qu&#8217;il nous r\u00e9serve lui-m\u00eame. Nous avons des \u00e9tablissements qui vont \u00eatre construits. Il  y a le Lyc\u00e9e des jeunes avec internat et le Lyc\u00e9e professionnel agricole. C\u2019\u00e9tait aussi l\u2019une des dol\u00e9ances. Nous demandons simplement que ces dol\u00e9ances se r\u00e9alisent, de sorte \u00e0 ce que les enfants qui passent le BAC et autres, puissent \u00eatre retenus ici directement  pour commencer leur cycle sup\u00e9rieur. \u00c0 Dimbokro, il y a vraiment un probl\u00e8me d\u2019emploi. L\u2019usine (Utexi) qui embauchait le plus est ferm\u00e9e depuis des lustres. Et donc, on a plus les moyens  pour embaucher. Nous souhaitons que cette usine soit relanc\u00e9e, et qu\u2019il y ait m\u00eame d\u2019autres usines. Vous savez que la boucle du Cacao s\u2019est d\u00e9plac\u00e9e vers le sud-ouest. Donc, aujourd\u2019hui, nous ne faisons plus que le manioc, l\u2019h\u00e9v\u00e9a. Cela ne suffit pas pour embaucher tous ces demandeurs d\u2019emploi. Nous voulons donc plus d\u2019usines, on veut relancer l\u2019usine d\u2019Utexi. Cela permettra de relancer nos activit\u00e9s. Nous avons souvent parl\u00e9 d\u2019un port sec. Il y en a \u00e0 Ferk\u00e9. Nous pouvons donc en avoir, puisque le train arrive jusqu\u2019\u00e0 ici.<\/p>\n<p><strong>Apr\u00e8s les d\u00e9partements de  Kouassi kouassikro et de Bocanda, le meeting de cl\u00f4ture du Pr\u00e9sident de la R\u00e9publique se fera ici \u00e0 Dimbokro. Avez-vous un appel \u00e0 l\u2019endroit des populations, afin d&#8217;avoir une forte mobilisation \u00e0 cette occasion ?<\/strong><\/p>\n<p>D\u2019abord, je leur dis merci au passage  pour ce qui s\u2019est pass\u00e9 pour ce premier jour. Certaines personnes avaient des inqui\u00e9tudes, au niveau de la mobilisation. Mais nous connaissons notre population.  Elle est sortie nombreuse  pour acclamer et accueillir le Chef de l\u2019\u00c9tat. Je l\u2019appelle \u00e0 nouveau \u00e0 se mobiliser pour le meeting final, le 28 septembre 2019. Je lance le m\u00eame appel pour les meetings du 26 et 27  septembre, pour ceux qui sont dans les localit\u00e9s de Kouassi kouassikro et et de Bocanda. Que les populations sortent en nombre,  pour participer \u00e0 ces diff\u00e9rents meetings, parce qu\u2019il y aura des messages forts que le Chef de l\u2019\u00c9tat  va  lancer. Il faudrait qu&#8217;elles viennent \u00e9couter, pour qu\u2019on ne leur raconte pas l\u2019histoire. Donc, pour Dimbokro rendez-vous le samedi  au stade Kon\u00e9 Samba Ambroise.  N\u2019attendez pas 11 heures pour venir, d\u00e8s 8heures occupez toutes les places ,il y aura de l\u2019animation , il aura des gadgets qui vont \u00eatre distribu\u00e9s  \u00e0 ceux qui seront pr\u00e9sents. Le 26 septembre, c\u2019est \u00e0 Kouassi Kouassikro , c\u2019est pareil  que la population soit l\u00e0 et ensuite Bocanda . Nous, nous avons fait notre part, c\u2019\u00e9tait la pr\u00e9paration, aujourd\u2019hui on va nous juger. Pour nous juger, c\u2019est  voir s\u2019il y a du monde. Es ce qu\u2019il y a des banderoles partout. Es ce que les discours sont bien prononc\u00e9s. Est ce que les contenus sont bons. En tout cas nous on est pr\u00eat.  Moi personnellement, j\u2019ai un discours  \u00e0 faire. Le 28 septembre, je pense que je serai \u00e0 la hauteur. <\/p>\n<p><strong>R\u00e9alis\u00e9 \u00e0 Dimbokro par J-H K<br \/>\nColl : Diallo Harry<\/strong><\/p>\n","protected":false},"excerpt":{"rendered":"<p>Dans cet entretien accord\u00e9 \u00e0 l\u2019IA apr\u00e8s l&#8217;arriv\u00e9e du Pr\u00e9sident de la R\u00e9publique Alassane Ouattara \u00e0 Dimbokro le mercredi 25 septembre 2019, Bil\u00e9 Di\u00e9m\u00e9l\u00e9ou Gabriel, le maire de la commune, exprime sa joie de voir \u00ab enfin \u00bb la visite d\u2019\u00c9tat d\u00e9marrer, et dit tous les espoirs que sa population et lui placent en elle. [&hellip;]<\/p>\n","protected":false},"author":3,"featured_media":16281,"comment_status":"closed","ping_status":"closed","sticky":false,"template":"","format":"standard","meta":{"_monsterinsights_skip_tracking":false,"_monsterinsights_sitenote_active":false,"_monsterinsights_sitenote_note":"","_monsterinsights_sitenote_category":0,"footnotes":""},"categories":[2,1,17],"tags":[],"class_list":["post-16271","post","type-post","status-publish","format-standard","has-post-thumbnail","hentry","category-featured","category-actualites","category-politique"],"_links":{"self":[{"href":"https:\/\/www.lintelligentdabidjan.info\/news\/wp-json\/wp\/v2\/posts\/16271","targetHints":{"allow":["GET"]}}],"collection":[{"href":"https:\/\/www.lintelligentdabidjan.info\/news\/wp-json\/wp\/v2\/posts"}],"about":[{"href":"https:\/\/www.lintelligentdabidjan.info\/news\/wp-json\/wp\/v2\/types\/post"}],"author":[{"embeddable":true,"href":"https:\/\/www.lintelligentdabidjan.info\/news\/wp-json\/wp\/v2\/users\/3"}],"replies":[{"embeddable":true,"href":"https:\/\/www.lintelligentdabidjan.info\/news\/wp-json\/wp\/v2\/comments?post=16271"}],"version-history":[{"count":3,"href":"https:\/\/www.lintelligentdabidjan.info\/news\/wp-json\/wp\/v2\/posts\/16271\/revisions"}],"predecessor-version":[{"id":16284,"href":"https:\/\/www.lintelligentdabidjan.info\/news\/wp-json\/wp\/v2\/posts\/16271\/revisions\/16284"}],"wp:featuredmedia":[{"embeddable":true,"href":"https:\/\/www.lintelligentdabidjan.info\/news\/wp-json\/wp\/v2\/media\/16281"}],"wp:attachment":[{"href":"https:\/\/www.lintelligentdabidjan.info\/news\/wp-json\/wp\/v2\/media?parent=16271"}],"wp:term":[{"taxonomy":"category","embeddable":true,"href":"https:\/\/www.lintelligentdabidjan.info\/news\/wp-json\/wp\/v2\/categories?post=16271"},{"taxonomy":"post_tag","embeddable":true,"href":"https:\/\/www.lintelligentdabidjan.info\/news\/wp-json\/wp\/v2\/tags?post=16271"}],"curies":[{"name":"wp","href":"https:\/\/api.w.org\/{rel}","templated":true}]}}