{"id":1629,"date":"2016-11-28T05:24:01","date_gmt":"2016-11-28T04:24:01","guid":{"rendered":"http:\/\/www.lintelligentdabidjan.info\/news\/?p=1629"},"modified":"2016-11-28T05:34:56","modified_gmt":"2016-11-28T04:34:56","slug":"gestion-des-personnes-deplacees-dans-le-mont-peko-mariatou-kone-et-lambassadeur-burkinabe-ont-echange","status":"publish","type":"post","link":"https:\/\/www.lintelligentdabidjan.info\/news\/gestion-des-personnes-deplacees-dans-le-mont-peko-mariatou-kone-et-lambassadeur-burkinabe-ont-echange\/","title":{"rendered":"Gestion des personnes d\u00e9plac\u00e9es dans le Mont Peko Mariatou Kon\u00e9 et l\u2019Ambassadeur Burkinab\u00e9 ont \u00e9chang\u00e9"},"content":{"rendered":"<p>Une r\u00e9union du comit\u00e9 mixte ivoiro-burkinab\u00e9 s\u2019est tenue le vendredi 25 novembre 2016 sous la pr\u00e9sidence de la ministre de la Solidarit\u00e9, de la Coh\u00e9sion sociale et de l\u2019Indemnisation des victimes au cabinet dudit minist\u00e8re.<br \/>\nIl s\u2019est agi pour les deux parties de faire le point de la situation humanitaire des personnes d\u00e9plac\u00e9es, de mettre en place un comit\u00e9 technique et d\u2019examiner les dispositions pratiques de la mission mixte \u00e0 venir. La partie ivoirienne \u00e9tait compos\u00e9e de plusieurs minist\u00e8res dont ceux de la Solidarit\u00e9, de la Coh\u00e9sion sociale et de l\u2019indemnisation des victimes, de la D\u00e9fense, de l\u2019Int\u00e9rieur et de la S\u00e9curit\u00e9, des Eaux et For\u00eats, des Affaires Etrang\u00e8res, de l\u2019Economie et des Finances ainsi que celui de la Sant\u00e9.  La ministre Mariatou Kon\u00e9, a d\u2019entr\u00e9e salu\u00e9 la mobilisation des minist\u00e8res et a donn\u00e9 plus de pr\u00e9cisions sur les actions en cours dans le Mont Peko. \u00ab Ce que je peux dire de la situation humanitaire dans le Mont P\u00e9ko, c\u2019est que la situation est en train d\u2019\u00eatre jugul\u00e9e par le Gouvernement ivoirien accompagn\u00e9 de ses partenaires. C\u2019est une distribution alimentaire avec la participation de la C\u00f4te d\u2019Ivoire et de ses partenaires mais, il y a d\u2019autres activit\u00e9s qui sont men\u00e9es,  au niveau sanitaire, de l\u2019hygi\u00e8ne, de la sant\u00e9 de la reproduction, et de fa\u00e7on globale, le processus est en cours et c\u2019est un processus qui est fort appr\u00e9ci\u00e9 par les populations affect\u00e9es. 750 millions de vivres ont \u00e9t\u00e9 remis hier \u00e0 Michelkro aux populations d\u00e9plac\u00e9es et riveraines en pr\u00e9sence de Madame Aichatou Mindahoudou, repr\u00e9sentante sp\u00e9ciale du Secr\u00e9taire g\u00e9n\u00e9ral des Nations-Unies pour la C\u00f4te d\u2019Ivoire et M. Abdou Dieng, Directeur r\u00e9gional du programme alimentaire mondial pour l\u2019Afrique de l\u2019Ouest et du Centre \u00bb, a r\u00e9v\u00e9l\u00e9 la ministre.<br \/>\nMahamadou Zongo, Ambassadeur du Burkina Faso en C\u00f4te d\u2019Ivoire a remerci\u00e9 le gouvernement ivoirien et la ministre Mariatou Kon\u00e9 et toute son \u00e9quipe pour les  efforts qui sont faits pour g\u00e9rer de mani\u00e8re pacifique l\u2019\u00e9vacuation du parc national du Mont Peko. \u00ab C\u2019est une situation qui est ancienne puisque l\u2019occupation remonte au d\u00e9but des ann\u00e9es 2000 et beaucoup d\u2019initiatives ont \u00e9t\u00e9 d\u00e9velopp\u00e9es. Il y a eu des campagnes de sensibilisation qui ont \u00e9t\u00e9 faites jusqu\u2019\u00e0 l\u2019\u00e9tape actuelle, ce qui a permis d\u2019\u00e9vacuer de mani\u00e8re pacifique le Mont Peko. Il y a un travail s\u00e9rieux, souterrain qui a \u00e9t\u00e9 fait pour que les milliers de personnes puissent quitter le parc sans affrontements. La suite c\u2019est comment \u00e9viter une r\u00e9occupation du parc, c\u2019est dans ce sens qu\u2019une \u00e9quipe est mise en place pour travailler afin de proposer un plan d\u2019actions pour que les solutions soient durables \u00bb, a d\u00e9clar\u00e9 le diplomate. Avant cela, il avait indiqu\u00e9 que les informations qui leur sont remont\u00e9es ne sont pas de nature \u00e0 cr\u00e9er des probl\u00e8mes entre son pays et la C\u00f4te d\u2019Ivoire. \u00ab Les lois du pays d\u2019accueil doivent \u00eatre respect\u00e9es car selon lui m\u00eame au Burkina Faso, on n\u2019entre pas de mani\u00e8re ill\u00e9gale dans les for\u00eats class\u00e9es \u00bb, a-t-il conclu.<br \/>\nMB<\/p>\n<div class=\"fb-comments\" data-width=\"728\" data-numposts=\"50\"><\/div>\n","protected":false},"excerpt":{"rendered":"<p>Une r\u00e9union du comit\u00e9 mixte ivoiro-burkinab\u00e9 s\u2019est tenue le vendredi 25 novembre 2016 sous la pr\u00e9sidence de la ministre de la Solidarit\u00e9, de la Coh\u00e9sion sociale et de l\u2019Indemnisation des victimes au cabinet dudit minist\u00e8re. Il s\u2019est agi pour les deux parties de faire le point de la situation humanitaire des personnes d\u00e9plac\u00e9es, de mettre [&hellip;]<\/p>\n","protected":false},"author":1,"featured_media":1638,"comment_status":"closed","ping_status":"closed","sticky":false,"template":"","format":"standard","meta":{"_monsterinsights_skip_tracking":false,"_monsterinsights_sitenote_active":false,"_monsterinsights_sitenote_note":"","_monsterinsights_sitenote_category":0,"footnotes":""},"categories":[2,3],"tags":[],"class_list":["post-1629","post","type-post","status-publish","format-standard","has-post-thumbnail","hentry","category-featured","category-societe"],"_links":{"self":[{"href":"https:\/\/www.lintelligentdabidjan.info\/news\/wp-json\/wp\/v2\/posts\/1629","targetHints":{"allow":["GET"]}}],"collection":[{"href":"https:\/\/www.lintelligentdabidjan.info\/news\/wp-json\/wp\/v2\/posts"}],"about":[{"href":"https:\/\/www.lintelligentdabidjan.info\/news\/wp-json\/wp\/v2\/types\/post"}],"author":[{"embeddable":true,"href":"https:\/\/www.lintelligentdabidjan.info\/news\/wp-json\/wp\/v2\/users\/1"}],"replies":[{"embeddable":true,"href":"https:\/\/www.lintelligentdabidjan.info\/news\/wp-json\/wp\/v2\/comments?post=1629"}],"version-history":[{"count":2,"href":"https:\/\/www.lintelligentdabidjan.info\/news\/wp-json\/wp\/v2\/posts\/1629\/revisions"}],"predecessor-version":[{"id":1637,"href":"https:\/\/www.lintelligentdabidjan.info\/news\/wp-json\/wp\/v2\/posts\/1629\/revisions\/1637"}],"wp:featuredmedia":[{"embeddable":true,"href":"https:\/\/www.lintelligentdabidjan.info\/news\/wp-json\/wp\/v2\/media\/1638"}],"wp:attachment":[{"href":"https:\/\/www.lintelligentdabidjan.info\/news\/wp-json\/wp\/v2\/media?parent=1629"}],"wp:term":[{"taxonomy":"category","embeddable":true,"href":"https:\/\/www.lintelligentdabidjan.info\/news\/wp-json\/wp\/v2\/categories?post=1629"},{"taxonomy":"post_tag","embeddable":true,"href":"https:\/\/www.lintelligentdabidjan.info\/news\/wp-json\/wp\/v2\/tags?post=1629"}],"curies":[{"name":"wp","href":"https:\/\/api.w.org\/{rel}","templated":true}]}}