{"id":1631,"date":"2016-11-28T05:25:18","date_gmt":"2016-11-28T04:25:18","guid":{"rendered":"http:\/\/www.lintelligentdabidjan.info\/news\/?p=1631"},"modified":"2016-11-28T05:30:46","modified_gmt":"2016-11-28T04:30:46","slug":"distinction-le-president-idriss-deby-honore-par-les-artistes-africains","status":"publish","type":"post","link":"https:\/\/www.lintelligentdabidjan.info\/news\/distinction-le-president-idriss-deby-honore-par-les-artistes-africains\/","title":{"rendered":"Distinction: Le pr\u00e9sident Idriss Deby honor\u00e9 par les artistes africains"},"content":{"rendered":"<p>La Fondation des artistes africains (Faa) pr\u00e9sid\u00e9e par l\u2019Ivoirien A\u00efmond Williams a rendu public les six  (6) m\u00e9c\u00e8nes nomin\u00e9s de l\u2019ann\u00e9e 2016, le samedi 26 novembre 2016  au Caf\u00e9 litt\u00e9raire Ahmadou Kourouma \u00e0 Cocody-Angr\u00e9.<br \/>\nIdriss Deby Itno,  pr\u00e9sident de la R\u00e9publique du Tchad obtient le super Prix diamant pour ses actions en faveur de la culture et des arts dans son pays et en Afrique. Le super Prix d\u2019or africain revient \u00e0 Claudia Sassou pour ce qu\u2019elle fait pour la promotion des arts et la culture au Congo et partout en Afrique. Le Prix d\u2019or d\u2019expertise culturelle  est octroy\u00e9 \u00e0 l\u2019Ivoirien Arantess 2 Bonalii  pour son savoir-faire qu\u2019il met \u00e0 la disposition des artistes de C\u00f4te d\u2019Ivoire et de l\u2019Afrique toute enti\u00e8re. Quant au grand Prix d\u2019or de reconnaissance destin\u00e9 \u00e0 une institution, il tombe dans l\u2019escarcelle de l\u2019Union \u00e9conomique et mon\u00e9taire ouest-africaine (Uemoa).  Le Prix d\u2019or du m\u00e9c\u00e8ne revient  \u00e0 l\u2019Ivoirien Adama Bictogo   et le ministre-gouverneur Robert Mamb\u00e9  a \u00e9t\u00e9 reconduit pour son Prix de l\u2019ann\u00e9e derni\u00e8re. A cette occasion, le pr\u00e9sident de la Faa a rendu un hommage vibrant aux quatre nomm\u00e9s  parce qu\u2019ils font la fiert\u00e9 et l\u2019honneur du monde artistique et culturel africain.  Sur sa lanc\u00e9e, il a traduit toute sa reconnaissance \u00e0 la Premi\u00e8re Dame de C\u00f4te d\u2019Ivoire, Mme Dominique Ouattara qui ne cesse d\u2019appuyer l\u2019art et la culture sous toutes ses formes notamment la Fondation des artistes africains. En outre, il a annonc\u00e9 l\u2019innovation que va conna\u00eetre l\u2019octroi de ces Prix. D\u00e9sormais, il prend  en compte ceux ou celles qui mettent leur expertise ou savoir-faire \u00e0 la disposition du monde culturel  et artistique.   A cette c\u00e9r\u00e9monie \u00e9tait pr\u00e9sent, Kohou\u00e9 Hognon Andrien, conseiller aupr\u00e8s du Bureau de l\u2019Uemoa en C\u00f4te d\u2019Ivoire pour recevoir le Prix de ladite institution bas\u00e9e \u00e0 Ouagadougou (Burkina-Faso).  Celui-ci s\u2019est dit, au nom du pr\u00e9sident   Cheick Soumar\u00e9, tr\u00e8s heureux. Puis, il a promis de lui transmettre son Prix par valise diplomatique d\u00e8s le vendredi prochain. En cons\u00e9quence, il a conseill\u00e9 au pr\u00e9sident de la Faa de bien vouloir adresser une missive au pr\u00e9sident de l\u2019Uemoa, pour qu\u2019il puisse le recevoir dans un d\u00e9lai maximum de trois mois \u00e0 compter de la r\u00e9ception dudit courrier. Arantess 2 Bonalii nomin\u00e9 pour le Prix d\u2019or d\u2019expertise culturelle  \u00e9tait \u00e9galement  pr\u00e9sent. Il a d\u00e9cid\u00e9 que son Prix lui soit remis dans des conditions artistiques, le 12 d\u00e9cembre 2016, date de son anniversaire. Il a promis de faire la f\u00eate ce jour-l\u00e0 comme ce n\u2019est pas permis.  Notons qu\u2019avant Idriss Deby du Tchad, ce sont les Pr\u00e9sidents Alassane Ouattara de la R\u00e9publique de C\u00f4te d\u2019Ivoire et  Faure Eyadema du Togo qui ont \u00e9t\u00e9 les premiers laur\u00e9ats du super Prix diamant pour leur attention bienveillante pour le monde des arts et la culture dans leur pays respectif et en Afrique.<\/p>\n<p>M.Ouattara<\/p>\n<div class=\"fb-comments\" data-width=\"728\" data-numposts=\"50\"><\/div>\n","protected":false},"excerpt":{"rendered":"<p>La Fondation des artistes africains (Faa) pr\u00e9sid\u00e9e par l\u2019Ivoirien A\u00efmond Williams a rendu public les six (6) m\u00e9c\u00e8nes nomin\u00e9s de l\u2019ann\u00e9e 2016, le samedi 26 novembre 2016 au Caf\u00e9 litt\u00e9raire Ahmadou Kourouma \u00e0 Cocody-Angr\u00e9. Idriss Deby Itno, pr\u00e9sident de la R\u00e9publique du Tchad obtient le super Prix diamant pour ses actions en faveur de la [&hellip;]<\/p>\n","protected":false},"author":1,"featured_media":1634,"comment_status":"closed","ping_status":"closed","sticky":false,"template":"","format":"standard","meta":{"_monsterinsights_skip_tracking":false,"_monsterinsights_sitenote_active":false,"_monsterinsights_sitenote_note":"","_monsterinsights_sitenote_category":0,"footnotes":""},"categories":[2,20],"tags":[],"class_list":["post-1631","post","type-post","status-publish","format-standard","has-post-thumbnail","hentry","category-featured","category-art-et-culture"],"_links":{"self":[{"href":"https:\/\/www.lintelligentdabidjan.info\/news\/wp-json\/wp\/v2\/posts\/1631","targetHints":{"allow":["GET"]}}],"collection":[{"href":"https:\/\/www.lintelligentdabidjan.info\/news\/wp-json\/wp\/v2\/posts"}],"about":[{"href":"https:\/\/www.lintelligentdabidjan.info\/news\/wp-json\/wp\/v2\/types\/post"}],"author":[{"embeddable":true,"href":"https:\/\/www.lintelligentdabidjan.info\/news\/wp-json\/wp\/v2\/users\/1"}],"replies":[{"embeddable":true,"href":"https:\/\/www.lintelligentdabidjan.info\/news\/wp-json\/wp\/v2\/comments?post=1631"}],"version-history":[{"count":3,"href":"https:\/\/www.lintelligentdabidjan.info\/news\/wp-json\/wp\/v2\/posts\/1631\/revisions"}],"predecessor-version":[{"id":1635,"href":"https:\/\/www.lintelligentdabidjan.info\/news\/wp-json\/wp\/v2\/posts\/1631\/revisions\/1635"}],"wp:featuredmedia":[{"embeddable":true,"href":"https:\/\/www.lintelligentdabidjan.info\/news\/wp-json\/wp\/v2\/media\/1634"}],"wp:attachment":[{"href":"https:\/\/www.lintelligentdabidjan.info\/news\/wp-json\/wp\/v2\/media?parent=1631"}],"wp:term":[{"taxonomy":"category","embeddable":true,"href":"https:\/\/www.lintelligentdabidjan.info\/news\/wp-json\/wp\/v2\/categories?post=1631"},{"taxonomy":"post_tag","embeddable":true,"href":"https:\/\/www.lintelligentdabidjan.info\/news\/wp-json\/wp\/v2\/tags?post=1631"}],"curies":[{"name":"wp","href":"https:\/\/api.w.org\/{rel}","templated":true}]}}