{"id":16352,"date":"2019-09-27T15:08:44","date_gmt":"2019-09-27T13:08:44","guid":{"rendered":"https:\/\/www.lintelligentdabidjan.info\/news\/?p=16352"},"modified":"2019-09-27T16:52:07","modified_gmt":"2019-09-27T14:52:07","slug":"bocandaartiste-pro-bedie-au-meeting-du-chef-de-letat-nguess-bon-sens-sexplique","status":"publish","type":"post","link":"https:\/\/www.lintelligentdabidjan.info\/news\/bocandaartiste-pro-bedie-au-meeting-du-chef-de-letat-nguess-bon-sens-sexplique\/","title":{"rendered":"Bocanda:artiste pro B\u00e9di\u00e9 au meeting du chef de l\u2019\u00c9tat, N&#8217;guess Bon Sens s\u2019explique"},"content":{"rendered":"<p><em><strong>Artiste musicien tradi-moderne \u00e0 succ\u00e8s en r\u00e9gion baoul\u00e9 et m\u00eame au del\u00e0, t\u00e9moin de l\u2019alliance Rhdp et de la bonne entente entre Alassane Ouattara et Henri Konan B\u00e9di\u00e9, N&#8217; guess Bon Sens, a fait une prestation vendredi 27 septembre 2019, \u00e0 Bocanda, lors du deuxi\u00e8me meeting de la visite d\u2019\u00c9tat qu\u2019effectue le Pr\u00e9sident de la R\u00e9publique dans la r\u00e9gion du N\u2019Zi.<\/strong><\/em><\/p>\n<p>Comme sa pr\u00e9sence \u00e0 Bocanda a suscit\u00e9 des interrogations, parce que N&#8217;guess Bon Sens membre du Bureau politique du Pdci-Rda, avait \u00e9t\u00e9 pr\u00e9sent aux Congr\u00e8s convoqu\u00e9s par le Pr\u00e9sident B\u00e9di\u00e9 \u00e0 Daoukro en 2018, l\u2019IA l\u2019a interrog\u00e9.<\/p>\n<p>\u00ab Non, je n&#8217;ai pas chang\u00e9 de camp. Je suis toujours Pdci-Rda. Mais, j&#8217;ai mes principes. M\u00eame si cela est appel\u00e9 a changer un jour, c&#8217;est lui ( Alassane Ouattara, Ndlr), qui est pour l&#8217;heure \u00e0 la barre. Je ne peux pas refuser d&#8217;aller \u00e0 une c\u00e9r\u00e9monie qu&#8217;il organise. <\/p>\n<p>Il y\u2019a un proverbe baoul\u00e9 qui dit que lorsqu&#8217;un enfant voit ses deux parents lutter la natte, il s&#8217;assoit et observe. Moi, ce n&#8217;est pas mon souhait de voir ces deux parents lutter la natte. Je veux qu&#8217;ils dorment dessus, l&#8217;un \u00e0 c\u00f4t\u00e9 de l&#8217;autre. <\/p>\n<p><img loading=\"lazy\" decoding=\"async\" src=\"https:\/\/www.lintelligentdabidjan.info\/news\/wp-content\/uploads\/2019\/09\/Collage-sans-titre-34-300x225.jpg\" alt=\"Collage sans titre\" width=\"300\" height=\"225\" class=\"alignnone size-medium wp-image-16355\" srcset=\"https:\/\/www.lintelligentdabidjan.info\/news\/wp-content\/uploads\/2019\/09\/Collage-sans-titre-34-300x225.jpg 300w, https:\/\/www.lintelligentdabidjan.info\/news\/wp-content\/uploads\/2019\/09\/Collage-sans-titre-34-768x576.jpg 768w, https:\/\/www.lintelligentdabidjan.info\/news\/wp-content\/uploads\/2019\/09\/Collage-sans-titre-34-1024x768.jpg 1024w, https:\/\/www.lintelligentdabidjan.info\/news\/wp-content\/uploads\/2019\/09\/Collage-sans-titre-34-80x60.jpg 80w, https:\/\/www.lintelligentdabidjan.info\/news\/wp-content\/uploads\/2019\/09\/Collage-sans-titre-34-265x198.jpg 265w, https:\/\/www.lintelligentdabidjan.info\/news\/wp-content\/uploads\/2019\/09\/Collage-sans-titre-34-696x522.jpg 696w, https:\/\/www.lintelligentdabidjan.info\/news\/wp-content\/uploads\/2019\/09\/Collage-sans-titre-34-1068x801.jpg 1068w, https:\/\/www.lintelligentdabidjan.info\/news\/wp-content\/uploads\/2019\/09\/Collage-sans-titre-34-560x420.jpg 560w, https:\/\/www.lintelligentdabidjan.info\/news\/wp-content\/uploads\/2019\/09\/Collage-sans-titre-34.jpg 1200w\" sizes=\"auto, (max-width: 300px) 100vw, 300px\" \/><\/p>\n<p>Je ne sortirai toutefois pas de chanson pour cela. Car, je pense que mes deux titres &#8220;B\u00e9di\u00e9 au secours&#8221; et &#8220;Allah Gnissan moni bal\u00e8&#8221; peuvent toujours servir \u00bb,a-t-il expliqu\u00e9. <\/p>\n<p><strong><br \/>\nJH Koffo avec Charles K<\/strong><\/p>\n","protected":false},"excerpt":{"rendered":"<p>Artiste musicien tradi-moderne \u00e0 succ\u00e8s en r\u00e9gion baoul\u00e9 et m\u00eame au del\u00e0, t\u00e9moin de l\u2019alliance Rhdp et de la bonne entente entre Alassane Ouattara et Henri Konan B\u00e9di\u00e9, N&#8217; guess Bon Sens, a fait une prestation vendredi 27 septembre 2019, \u00e0 Bocanda, lors du deuxi\u00e8me meeting de la visite d\u2019\u00c9tat qu\u2019effectue le Pr\u00e9sident de la [&hellip;]<\/p>\n","protected":false},"author":3,"featured_media":16354,"comment_status":"closed","ping_status":"closed","sticky":false,"template":"","format":"standard","meta":{"_monsterinsights_skip_tracking":false,"_monsterinsights_sitenote_active":false,"_monsterinsights_sitenote_note":"","_monsterinsights_sitenote_category":0,"footnotes":""},"categories":[2,17],"tags":[],"class_list":["post-16352","post","type-post","status-publish","format-standard","has-post-thumbnail","hentry","category-featured","category-politique"],"_links":{"self":[{"href":"https:\/\/www.lintelligentdabidjan.info\/news\/wp-json\/wp\/v2\/posts\/16352","targetHints":{"allow":["GET"]}}],"collection":[{"href":"https:\/\/www.lintelligentdabidjan.info\/news\/wp-json\/wp\/v2\/posts"}],"about":[{"href":"https:\/\/www.lintelligentdabidjan.info\/news\/wp-json\/wp\/v2\/types\/post"}],"author":[{"embeddable":true,"href":"https:\/\/www.lintelligentdabidjan.info\/news\/wp-json\/wp\/v2\/users\/3"}],"replies":[{"embeddable":true,"href":"https:\/\/www.lintelligentdabidjan.info\/news\/wp-json\/wp\/v2\/comments?post=16352"}],"version-history":[{"count":2,"href":"https:\/\/www.lintelligentdabidjan.info\/news\/wp-json\/wp\/v2\/posts\/16352\/revisions"}],"predecessor-version":[{"id":16361,"href":"https:\/\/www.lintelligentdabidjan.info\/news\/wp-json\/wp\/v2\/posts\/16352\/revisions\/16361"}],"wp:featuredmedia":[{"embeddable":true,"href":"https:\/\/www.lintelligentdabidjan.info\/news\/wp-json\/wp\/v2\/media\/16354"}],"wp:attachment":[{"href":"https:\/\/www.lintelligentdabidjan.info\/news\/wp-json\/wp\/v2\/media?parent=16352"}],"wp:term":[{"taxonomy":"category","embeddable":true,"href":"https:\/\/www.lintelligentdabidjan.info\/news\/wp-json\/wp\/v2\/categories?post=16352"},{"taxonomy":"post_tag","embeddable":true,"href":"https:\/\/www.lintelligentdabidjan.info\/news\/wp-json\/wp\/v2\/tags?post=16352"}],"curies":[{"name":"wp","href":"https:\/\/api.w.org\/{rel}","templated":true}]}}