{"id":16388,"date":"2019-09-29T10:18:34","date_gmt":"2019-09-29T08:18:34","guid":{"rendered":"https:\/\/www.lintelligentdabidjan.info\/news\/?p=16388"},"modified":"2019-09-29T10:43:27","modified_gmt":"2019-09-29T08:43:27","slug":"bedie-attaque-gon-coulibaly-voici-la-reponse-de-ouattara","status":"publish","type":"post","link":"https:\/\/www.lintelligentdabidjan.info\/news\/bedie-attaque-gon-coulibaly-voici-la-reponse-de-ouattara\/","title":{"rendered":"B\u00e9di\u00e9 attaque Gon Coulibaly, voici la r\u00e9ponse de Ouattara"},"content":{"rendered":"<p><em><strong>Invit\u00e9 samedi 28 septembre 2019 \u00e0 Dimbokro , lors de la conf\u00e9rence de presse de cl\u00f4ture de la visite d\u2019\u00c9tat dans le Nzi, \u00e0 r\u00e9agir \u00e0 des propos du Pr\u00e9sident du Pdci-Rda, Henri Konan B\u00e9di\u00e9 dans \u00abJeune Afrique \u00bb, affirmant que le Premier ministre Amadou Gon Coulibaly a conduit le pays vers une \u00e9conomie en berne, le chef de l\u2019\u00c9tat Alassane Ouattara n\u2019a pas souhait\u00e9 de pol\u00e9miques avec celui qu\u2019il dit continuer de consid\u00e9rer comme son a\u00een\u00e9.<\/strong><\/em><\/p>\n<p>\u00ab Je ne ferai pas de commentaires sur les propos de mon a\u00een\u00e9. D\u2019ailleurs, je suis quand m\u00eame \u00e0 Dimbokro o\u00f9 il m\u2019a accompagn\u00e9 l\u2019ann\u00e9e derni\u00e8re au cimeti\u00e8re, pour enterrer mon fr\u00e8re a\u00een\u00e9.<\/p>\n<p>Je suis maintenant l\u2019a\u00een\u00e9 de la famille Ouattara. Je le remercie pour cela. Je le consid\u00e8re comme un a\u00een\u00e9. Il a \u00e9t\u00e9 \u00e0 l\u2019\u00e9cole primaire \u00e0 Bocanda avec mon autre fr\u00e8re a\u00een\u00e9 Gaoussou Ouattara d\u00e9c\u00e9d\u00e9 il y a plusieurs ann\u00e9es, et qui a \u00e9t\u00e9 vice-pr\u00e9sident de l\u2019Assembl\u00e9e nationale avec lui. Donc, je n&#8217;ai pas de probl\u00e8mes.<\/p>\n<p>Je vous renvoie tout simplement aux documents de la banque mondiale, le Fonds mon\u00e9taire international, les am\u00e9ricains, l&#8217;Union europ\u00e9enne, l\u2019Union africaine, et de toutes les institutions qui jugent l\u2019\u00c9tat de C\u00f4te d\u2019ivoire. Ceci me para\u00eet suffisant comme r\u00e9ponse \u00bb,a expliqu\u00e9 celui qui est \u00e9galement Pr\u00e9sident du Rhdp.<\/p>\n<p><strong>J-H Koffo,<\/strong> envoy\u00e9 sp\u00e9cial dans le N&#8217;Zi <\/p>\n","protected":false},"excerpt":{"rendered":"<p>Invit\u00e9 samedi 28 septembre 2019 \u00e0 Dimbokro , lors de la conf\u00e9rence de presse de cl\u00f4ture de la visite d\u2019\u00c9tat dans le Nzi, \u00e0 r\u00e9agir \u00e0 des propos du Pr\u00e9sident du Pdci-Rda, Henri Konan B\u00e9di\u00e9 dans \u00abJeune Afrique \u00bb, affirmant que le Premier ministre Amadou Gon Coulibaly a conduit le pays vers une \u00e9conomie en [&hellip;]<\/p>\n","protected":false},"author":3,"featured_media":16390,"comment_status":"closed","ping_status":"closed","sticky":false,"template":"","format":"standard","meta":{"_monsterinsights_skip_tracking":false,"_monsterinsights_sitenote_active":false,"_monsterinsights_sitenote_note":"","_monsterinsights_sitenote_category":0,"footnotes":""},"categories":[2,17],"tags":[],"class_list":["post-16388","post","type-post","status-publish","format-standard","has-post-thumbnail","hentry","category-featured","category-politique"],"_links":{"self":[{"href":"https:\/\/www.lintelligentdabidjan.info\/news\/wp-json\/wp\/v2\/posts\/16388","targetHints":{"allow":["GET"]}}],"collection":[{"href":"https:\/\/www.lintelligentdabidjan.info\/news\/wp-json\/wp\/v2\/posts"}],"about":[{"href":"https:\/\/www.lintelligentdabidjan.info\/news\/wp-json\/wp\/v2\/types\/post"}],"author":[{"embeddable":true,"href":"https:\/\/www.lintelligentdabidjan.info\/news\/wp-json\/wp\/v2\/users\/3"}],"replies":[{"embeddable":true,"href":"https:\/\/www.lintelligentdabidjan.info\/news\/wp-json\/wp\/v2\/comments?post=16388"}],"version-history":[{"count":2,"href":"https:\/\/www.lintelligentdabidjan.info\/news\/wp-json\/wp\/v2\/posts\/16388\/revisions"}],"predecessor-version":[{"id":16393,"href":"https:\/\/www.lintelligentdabidjan.info\/news\/wp-json\/wp\/v2\/posts\/16388\/revisions\/16393"}],"wp:featuredmedia":[{"embeddable":true,"href":"https:\/\/www.lintelligentdabidjan.info\/news\/wp-json\/wp\/v2\/media\/16390"}],"wp:attachment":[{"href":"https:\/\/www.lintelligentdabidjan.info\/news\/wp-json\/wp\/v2\/media?parent=16388"}],"wp:term":[{"taxonomy":"category","embeddable":true,"href":"https:\/\/www.lintelligentdabidjan.info\/news\/wp-json\/wp\/v2\/categories?post=16388"},{"taxonomy":"post_tag","embeddable":true,"href":"https:\/\/www.lintelligentdabidjan.info\/news\/wp-json\/wp\/v2\/tags?post=16388"}],"curies":[{"name":"wp","href":"https:\/\/api.w.org\/{rel}","templated":true}]}}