{"id":16478,"date":"2019-10-02T01:16:18","date_gmt":"2019-10-01T23:16:18","guid":{"rendered":"https:\/\/www.lintelligentdabidjan.info\/news\/?p=16478"},"modified":"2019-10-02T01:16:29","modified_gmt":"2019-10-01T23:16:29","slug":"dimbokrokobenan-adjoumani-simpregne-des-realites-des-agriculteurs","status":"publish","type":"post","link":"https:\/\/www.lintelligentdabidjan.info\/news\/dimbokrokobenan-adjoumani-simpregne-des-realites-des-agriculteurs\/","title":{"rendered":"Dimbokro:Kobenan Adjoumani s\u2019impr\u00e8gne des r\u00e9alit\u00e9s des agriculteurs"},"content":{"rendered":"<p><em><strong>En marge  de la visite d\u2019\u00c9tat du Pr\u00e9sident de la R\u00e9publique Alassane Ouattara dans la r\u00e9gion du N\u2019Zi Kobenan Kouassi Adjoumani ministre de l\u2019Agriculture et du D\u00e9veloppement rural a eu une s\u00e9ance de travail avec les acteurs du monde agricole de la r\u00e9gion \u00e0  la direction r\u00e9gionale de l\u2019agriculture \u00e0 Dimbokro le vendredi 27 septembre 2019.<\/strong><\/em><\/p>\n<p>Aux diff\u00e9rentes organisations agricoles, le ministre a fait savoir que l\u2019\u00e9change s\u2019inscrit dans une s\u00e9rie de rencontres avec les structures plac\u00e9es sous autorit\u00e9 administrative : \u00ab J\u2019ai \u00e9t\u00e9 nouvellement nomm\u00e9 \u00e0 la t\u00eate de ce minist\u00e8re. Je suis donc venu vous rencontrer, \u00e9changer avec vous et prendre vos avis. Je suis l\u00e0 aussi pour vous saluer \u00bb.<br \/>\nIl a appr\u00e9ci\u00e9 leur organisation et leur a conseill\u00e9s de poursuivre dans cette dynamique. Pour lui, les agriculteurs sont \u00e0 la base du d\u00e9veloppement de la C\u00f4te d\u2019Ivoire. Raison pour laquelle, \u00e0 l\u2019en croire, l\u2019\u00c9tat de C\u00f4te d\u2019Ivoire \u00e0 travers son premier responsable ne cessera de marquer son soutien et assistance au monde agricole. Le ministre a fait un don de mat\u00e9riel agricole au nom du chef de l\u2019\u00c9tat . Ce mat\u00e9riel compos\u00e9 entre autres de mille machettes, de mille bottes, 50 arrosoirs, des tricycles est un soutien \u00e0 leurs activit\u00e9s.<\/p>\n<p>\u00ab Le Pr\u00e9sident de la R\u00e9publique accorde beaucoup d\u2019importance \u00e0 l\u2019agriculture. C\u2019est pourquoi, par ma personne, il fait ce don. D\u2019autres mat\u00e9riels vont suivre \u00bb, a-t-il rassur\u00e9. Il a demand\u00e9 \u00e0 Agui\u00e9 Clotaire, directeur r\u00e9gional de l\u2019Agriculture de faire bon usage du mat\u00e9riel re\u00e7u.<br \/>\nEn retour, Agui\u00e9 Clotaire a affirm\u00e9 que cette pr\u00e9sence du ministre Adjoumani les honore et marque son profond int\u00e9r\u00eat ministre Adjoumani les honore et marque son profond int\u00e9r\u00eat pour les hommes et les femmes qui exercent les activit\u00e9s agricole<\/p>\n<p><strong>EF avec Sercom<\/strong><\/p>\n","protected":false},"excerpt":{"rendered":"<p>En marge de la visite d\u2019\u00c9tat du Pr\u00e9sident de la R\u00e9publique Alassane Ouattara dans la r\u00e9gion du N\u2019Zi Kobenan Kouassi Adjoumani ministre de l\u2019Agriculture et du D\u00e9veloppement rural a eu une s\u00e9ance de travail avec les acteurs du monde agricole de la r\u00e9gion \u00e0 la direction r\u00e9gionale de l\u2019agriculture \u00e0 Dimbokro le vendredi 27 septembre [&hellip;]<\/p>\n","protected":false},"author":3,"featured_media":16479,"comment_status":"closed","ping_status":"closed","sticky":false,"template":"","format":"standard","meta":{"_monsterinsights_skip_tracking":false,"_monsterinsights_sitenote_active":false,"_monsterinsights_sitenote_note":"","_monsterinsights_sitenote_category":0,"footnotes":""},"categories":[2,3],"tags":[],"class_list":["post-16478","post","type-post","status-publish","format-standard","has-post-thumbnail","hentry","category-featured","category-societe"],"_links":{"self":[{"href":"https:\/\/www.lintelligentdabidjan.info\/news\/wp-json\/wp\/v2\/posts\/16478","targetHints":{"allow":["GET"]}}],"collection":[{"href":"https:\/\/www.lintelligentdabidjan.info\/news\/wp-json\/wp\/v2\/posts"}],"about":[{"href":"https:\/\/www.lintelligentdabidjan.info\/news\/wp-json\/wp\/v2\/types\/post"}],"author":[{"embeddable":true,"href":"https:\/\/www.lintelligentdabidjan.info\/news\/wp-json\/wp\/v2\/users\/3"}],"replies":[{"embeddable":true,"href":"https:\/\/www.lintelligentdabidjan.info\/news\/wp-json\/wp\/v2\/comments?post=16478"}],"version-history":[{"count":1,"href":"https:\/\/www.lintelligentdabidjan.info\/news\/wp-json\/wp\/v2\/posts\/16478\/revisions"}],"predecessor-version":[{"id":16480,"href":"https:\/\/www.lintelligentdabidjan.info\/news\/wp-json\/wp\/v2\/posts\/16478\/revisions\/16480"}],"wp:featuredmedia":[{"embeddable":true,"href":"https:\/\/www.lintelligentdabidjan.info\/news\/wp-json\/wp\/v2\/media\/16479"}],"wp:attachment":[{"href":"https:\/\/www.lintelligentdabidjan.info\/news\/wp-json\/wp\/v2\/media?parent=16478"}],"wp:term":[{"taxonomy":"category","embeddable":true,"href":"https:\/\/www.lintelligentdabidjan.info\/news\/wp-json\/wp\/v2\/categories?post=16478"},{"taxonomy":"post_tag","embeddable":true,"href":"https:\/\/www.lintelligentdabidjan.info\/news\/wp-json\/wp\/v2\/tags?post=16478"}],"curies":[{"name":"wp","href":"https:\/\/api.w.org\/{rel}","templated":true}]}}