{"id":16604,"date":"2019-10-03T12:26:18","date_gmt":"2019-10-03T10:26:18","guid":{"rendered":"https:\/\/www.lintelligentdabidjan.info\/news\/?p=16604"},"modified":"2019-10-03T12:35:26","modified_gmt":"2019-10-03T10:35:26","slug":"qui-est-le-president-du-fpi-rencontre-bedie-affi-apres-la-polemique","status":"publish","type":"post","link":"https:\/\/www.lintelligentdabidjan.info\/news\/qui-est-le-president-du-fpi-rencontre-bedie-affi-apres-la-polemique\/","title":{"rendered":"Qui est le Pr\u00e9sident du Fpi :rencontre B\u00e9di\u00e9-Affi apr\u00e8s la pol\u00e9mique"},"content":{"rendered":"<p><em><strong>Selon le quotidien du Fpi \u00abNotre Voie\u00bb, dans sa parution du 3 octobre 2019, le Pr\u00e9sident du parti, Pascal Affi N\u2019guessan rencontre Henri Konan B\u00e9di\u00e9, Pr\u00e9sident du Pdci, le m\u00eame jour vers 12 heures au domicile du second.<\/strong><\/em><\/p>\n<p>Contact\u00e9, le service de communication du Pr\u00e9sident du Fpi a confirm\u00e9 l\u2019information du confr\u00e8re. Du c\u00f4t\u00e9 du Pdci, l\u2019on apprend que la rencontre n\u2019est pas ouverte \u00e0 la presse, mais qu\u2019un communiqu\u00e9 ou une d\u00e9claration de presse, pourrait \u00eatre faite, m\u00eame si l\u2019on ne sait pas encore si l\u2019entretien sera immortalis\u00e9 par des photographes publiques, contrairement au rendez-vous B\u00e9di\u00e9-Gbagbo de Bruxelles.<\/p>\n<p>La rencontre B\u00e9di\u00e9-Affi se tient dans un contexte de relations crisp\u00e9es entre les deux partis politiques, suite \u00e0 la visite du Pr\u00e9sident B\u00e9di\u00e9 \u00e0 Bruxelles pour rencontrer Laurent Gbagbo, qui revendique la pr\u00e9sidence du Fpi. Cela avait \u00e9t\u00e9 suivis d\u2019\u00e9changes peu aimables entre des responsables du Pdci, et du camp Affi, qui reproche \u00e0 B\u00e9di\u00e9 d\u2019avoir reconnu Laurent Gbagbo comme Pr\u00e9sident du Fpi, en foulant aux pieds les d\u00e9cisions de justice et la r\u00e9alit\u00e9 administrative.<\/p>\n<p>Alors questions : en quelle qualit\u00e9 le Pr\u00e9sident B\u00e9di\u00e9 va-t-il rencontrer Affi N\u2019guessan ? S\u2019agit-il de lui passer un message de Laurent Gbagbo, et de favoriser un rendez-vous sans condition \u00e0 Bruxelles, en vue de rassembler le Fpi, et l\u2019opposition, alors que la posture et la position de Pascal Affi N\u2019guessan \u00e0 l\u2019\u00e9gard de la question de la CEI a fragilis\u00e9 les revendications du reste de l\u2019opposition ?<\/p>\n<p><strong>Charles K<\/strong> <\/p>\n","protected":false},"excerpt":{"rendered":"<p>Selon le quotidien du Fpi \u00abNotre Voie\u00bb, dans sa parution du 3 octobre 2019, le Pr\u00e9sident du parti, Pascal Affi N\u2019guessan rencontre Henri Konan B\u00e9di\u00e9, Pr\u00e9sident du Pdci, le m\u00eame jour vers 12 heures au domicile du second. Contact\u00e9, le service de communication du Pr\u00e9sident du Fpi a confirm\u00e9 l\u2019information du confr\u00e8re. Du c\u00f4t\u00e9 du [&hellip;]<\/p>\n","protected":false},"author":3,"featured_media":16606,"comment_status":"closed","ping_status":"closed","sticky":false,"template":"","format":"standard","meta":{"_monsterinsights_skip_tracking":false,"_monsterinsights_sitenote_active":false,"_monsterinsights_sitenote_note":"","_monsterinsights_sitenote_category":0,"footnotes":""},"categories":[2,17],"tags":[],"class_list":["post-16604","post","type-post","status-publish","format-standard","has-post-thumbnail","hentry","category-featured","category-politique"],"_links":{"self":[{"href":"https:\/\/www.lintelligentdabidjan.info\/news\/wp-json\/wp\/v2\/posts\/16604","targetHints":{"allow":["GET"]}}],"collection":[{"href":"https:\/\/www.lintelligentdabidjan.info\/news\/wp-json\/wp\/v2\/posts"}],"about":[{"href":"https:\/\/www.lintelligentdabidjan.info\/news\/wp-json\/wp\/v2\/types\/post"}],"author":[{"embeddable":true,"href":"https:\/\/www.lintelligentdabidjan.info\/news\/wp-json\/wp\/v2\/users\/3"}],"replies":[{"embeddable":true,"href":"https:\/\/www.lintelligentdabidjan.info\/news\/wp-json\/wp\/v2\/comments?post=16604"}],"version-history":[{"count":1,"href":"https:\/\/www.lintelligentdabidjan.info\/news\/wp-json\/wp\/v2\/posts\/16604\/revisions"}],"predecessor-version":[{"id":16605,"href":"https:\/\/www.lintelligentdabidjan.info\/news\/wp-json\/wp\/v2\/posts\/16604\/revisions\/16605"}],"wp:featuredmedia":[{"embeddable":true,"href":"https:\/\/www.lintelligentdabidjan.info\/news\/wp-json\/wp\/v2\/media\/16606"}],"wp:attachment":[{"href":"https:\/\/www.lintelligentdabidjan.info\/news\/wp-json\/wp\/v2\/media?parent=16604"}],"wp:term":[{"taxonomy":"category","embeddable":true,"href":"https:\/\/www.lintelligentdabidjan.info\/news\/wp-json\/wp\/v2\/categories?post=16604"},{"taxonomy":"post_tag","embeddable":true,"href":"https:\/\/www.lintelligentdabidjan.info\/news\/wp-json\/wp\/v2\/tags?post=16604"}],"curies":[{"name":"wp","href":"https:\/\/api.w.org\/{rel}","templated":true}]}}