{"id":16629,"date":"2019-10-04T01:32:39","date_gmt":"2019-10-03T23:32:39","guid":{"rendered":"https:\/\/www.lintelligentdabidjan.info\/news\/?p=16629"},"modified":"2019-10-04T01:59:11","modified_gmt":"2019-10-03T23:59:11","slug":"condoleances-du-rhdple-message-que-adama-bictogo-a-ecrit-a-son-grand-frere-mel","status":"publish","type":"post","link":"https:\/\/www.lintelligentdabidjan.info\/news\/condoleances-du-rhdple-message-que-adama-bictogo-a-ecrit-a-son-grand-frere-mel\/","title":{"rendered":"Condol\u00e9ances du Rhdp:Le message que Adama Bictogo a \u00e9crit \u00e0 son \u201cgrand-fr\u00e8re Mel\u201d"},"content":{"rendered":"<p><em><strong>Conduisant une d\u00e9l\u00e9gation du Rhdp, le jeudi 3 octobre 2019 pour pr\u00e9senter les condol\u00e9ances du  Rhdp \u00e0 la famille de l&#8217;ex-ministre d\u2019\u00c9tat Mel Eg Th\u00e9odore (d\u00e9c\u00e9d\u00e9 le 11 juillet 2019 en France, suite \u00e0 une longue maladie), Adama Bictogo, directeur ex\u00e9cutif  de ce parti  a rendu hommage au d\u00e9funt dans le livre de condol\u00e9ances.<\/strong><\/em><\/p>\n<p>\u00ab\u00c0 mon grand-fr\u00e8re Mel. Tu resteras grav\u00e9 dans nos esprits. Tu resteras le grand-fr\u00e8re joyeux, engag\u00e9, g\u00e9n\u00e9reux et humble. Tu es un exemple d&#8217;humilit\u00e9. Que Dieu te garde aupr\u00e8s de lui dans le royaume des cieux. Ce n&#8217;est qu&#8217;un au-revoir, grand-fr\u00e8re.  Bictogo Adama\u00bb, a-t-il \u00e9crit dans le livre de condol\u00e9ances, \u00e0 l&#8217;endroit de celui qui a fond\u00e9 \u201cl\u2019Union d\u00e9mocratique et citoyenne (Udcy)\u201d.<\/p>\n<p>C&#8217;est au domicile familial du d\u00e9funt, sis \u00e0  Cocody Riviera-Bonoumin, \u00e0 Abidjan, que les condol\u00e9ances sont re\u00e7ues depuis le jeudi 3 octobre 2019. Le pr\u00e9sident de la Direction ex\u00e9cutive du Rhdp \u00e9tait \u00e0 la t\u00eate d&#8217;une d\u00e9l\u00e9gation de 9 personnes. Le D\u00e9put\u00e9 d\u2019Adjam\u00e9, Kon\u00e9 Mahamadou, Directeur ex\u00e9cutif adjoint du Rhdp en charge des Cultes \u00e9tait le porte-parole de cette d\u00e9l\u00e9gation. Bl\u00e9 Guirao, Directeur ex\u00e9cutif adjoint en charge des Sports et Loisirs, Kon\u00e9 Harouna, Directeur ex\u00e9cutif adjoint en charge de la promotion du civisme et de la citoyennet\u00e9 ou encore la Directrice ex\u00e9cutive adjointe en charge des affaires juridiques, Noelle Affou\u00e9 Delphine, \u00e9taient \u00e9galement de la d\u00e9l\u00e9gation, pour apporter le soutien du parti \u00e0 la famille  \u00e9plor\u00e9e. <\/p>\n<p>La lev\u00e9e de corps de l&#8217;ex-ministre est pr\u00e9vue le jeudi 10 octobre 2019 \u00e0  Ivosep. Apr\u00e8s un escale au si\u00e8ge de son parti \u00e0  Cocody puis au domicile familial, le corps sera transf\u00e9r\u00e9 le m\u00eame jour ,   dans son village natal, Abraniamambo, sous-pr\u00e9fecture de Jacqueville, le vendredi 11 octobre 2019 pour l&#8217;inhumation.<\/p>\n<p><strong>J-H K<\/strong><\/p>\n","protected":false},"excerpt":{"rendered":"<p>Conduisant une d\u00e9l\u00e9gation du Rhdp, le jeudi 3 octobre 2019 pour pr\u00e9senter les condol\u00e9ances du Rhdp \u00e0 la famille de l&#8217;ex-ministre d\u2019\u00c9tat Mel Eg Th\u00e9odore (d\u00e9c\u00e9d\u00e9 le 11 juillet 2019 en France, suite \u00e0 une longue maladie), Adama Bictogo, directeur ex\u00e9cutif de ce parti a rendu hommage au d\u00e9funt dans le livre de condol\u00e9ances. \u00ab\u00c0 [&hellip;]<\/p>\n","protected":false},"author":3,"featured_media":16636,"comment_status":"closed","ping_status":"closed","sticky":false,"template":"","format":"standard","meta":{"footnotes":""},"categories":[2,17],"tags":[],"class_list":["post-16629","post","type-post","status-publish","format-standard","has-post-thumbnail","hentry","category-featured","category-politique"],"_links":{"self":[{"href":"https:\/\/www.lintelligentdabidjan.info\/news\/wp-json\/wp\/v2\/posts\/16629","targetHints":{"allow":["GET"]}}],"collection":[{"href":"https:\/\/www.lintelligentdabidjan.info\/news\/wp-json\/wp\/v2\/posts"}],"about":[{"href":"https:\/\/www.lintelligentdabidjan.info\/news\/wp-json\/wp\/v2\/types\/post"}],"author":[{"embeddable":true,"href":"https:\/\/www.lintelligentdabidjan.info\/news\/wp-json\/wp\/v2\/users\/3"}],"replies":[{"embeddable":true,"href":"https:\/\/www.lintelligentdabidjan.info\/news\/wp-json\/wp\/v2\/comments?post=16629"}],"version-history":[{"count":1,"href":"https:\/\/www.lintelligentdabidjan.info\/news\/wp-json\/wp\/v2\/posts\/16629\/revisions"}],"predecessor-version":[{"id":16630,"href":"https:\/\/www.lintelligentdabidjan.info\/news\/wp-json\/wp\/v2\/posts\/16629\/revisions\/16630"}],"wp:featuredmedia":[{"embeddable":true,"href":"https:\/\/www.lintelligentdabidjan.info\/news\/wp-json\/wp\/v2\/media\/16636"}],"wp:attachment":[{"href":"https:\/\/www.lintelligentdabidjan.info\/news\/wp-json\/wp\/v2\/media?parent=16629"}],"wp:term":[{"taxonomy":"category","embeddable":true,"href":"https:\/\/www.lintelligentdabidjan.info\/news\/wp-json\/wp\/v2\/categories?post=16629"},{"taxonomy":"post_tag","embeddable":true,"href":"https:\/\/www.lintelligentdabidjan.info\/news\/wp-json\/wp\/v2\/tags?post=16629"}],"curies":[{"name":"wp","href":"https:\/\/api.w.org\/{rel}","templated":true}]}}