{"id":1668,"date":"2016-11-29T07:36:27","date_gmt":"2016-11-29T06:36:27","guid":{"rendered":"http:\/\/www.lintelligentdabidjan.info\/news\/?p=1668"},"modified":"2016-11-29T07:36:27","modified_gmt":"2016-11-29T06:36:27","slug":"communaute-burkinabe-le-nouveau-coordonnateur-du-mouvement-n23-investi","status":"publish","type":"post","link":"https:\/\/www.lintelligentdabidjan.info\/news\/communaute-burkinabe-le-nouveau-coordonnateur-du-mouvement-n23-investi\/","title":{"rendered":"Communaut\u00e9 burkinab\u00e9 Le nouveau coordonnateur du mouvement \u201cN23\u201d investi"},"content":{"rendered":"<p>Le N 23, organisation de la diaspora burkinab\u00e9,    a d\u00e9sormais un coordonnateur  \u00e0 Adjam\u00e9. Son nom Jean-Marie Thiombiano. Il a \u00e9t\u00e9 investi le dimanche 27 novembre 2016, au stade de Paillet dans ladite commune<br \/>\nMoumouni Pograwa,  coordonnateur g\u00e9n\u00e9ral de N23 et  parrain de cette c\u00e9r\u00e9monie a   appel\u00e9 \u00e0 l\u2019union des Burkinab\u00e8 de tous les bords et  vivant dans  tous les pays. Il les a invit\u00e9s   \u00e0  soutenir les actions du pr\u00e9sident Rock Christian Kabor\u00e9, qui, jour et nuit ne fait que penser, selon lui,  aux burkinab\u00e9 de la diaspora.  Il a indiqu\u00e9 qu\u2019avec    l\u2019av\u00e8nement du pr\u00e9sident  Kabor\u00e9 au pouvoir, les Burkinab\u00e9 de la diaspora souffrent  moins. Etant donn\u00e9  qu\u2019il a  cr\u00e9\u00e9 un minist\u00e8re    charg\u00e9 des Burkinab\u00e9 de l\u2019\u00e9tranger et qu\u2019il a  d\u00e9ploy\u00e9 des experts sur le sol ivoirien pour enqu\u00eater sur des sujets tr\u00e8s importants, tels que la situation des cartes consulaires, des extraits d\u2019acte de naissance etc.    \u00ab Chaque Burkinab\u00e9 aura  un papier, dans les jours \u00e0 venir. Et ces r\u00e9sultats sont les fruits des  efforts du\u2019\u2019 N23\u2019\u2019 \u00bb, a-t-il d\u00e9clar\u00e9. Concernant la grogne sociale qui  prend de l\u2019ampleur au Burkina Faso avec les gr\u00e8ves dans tous les secteurs d\u2019activit\u00e9, il a  propos\u00e9  \u00e0 Rock Kabor\u00e9  de demander une tr\u00eave sociale. \u00ab C\u2019est la seule solution qui va permettre au gouvernement de mettre en place son programme de d\u00e9veloppement \u00e9conomique. On ne peut pas vouloir une chose et faire son contraire.  Pour finir il a salu\u00e9 Mahamadou Zongo, ambassadeur du Burkina en C\u00f4te d\u2019Ivoire qui s\u2019int\u00e9resse aux probl\u00e8mes des Burkinab\u00e9s vivants sur le sol ivoirien. Auparavant, le coordonnateur de N 23 \u00e0 Adjam\u00e9 Jean-Marie Thiombianoa    a exprim\u00e9  sa  gratitude \u00e0 Moumouni  pour le choix port\u00e9 sur sa personne. Apr\u00e8s son investiture,  il  s\u2019est engag\u00e9 \u00e0 donner le meilleur de lui-m\u00eame pour ne pas d\u00e9cevoir Moumouni Pograwa coordonnateur g\u00e9n\u00e9ral de la diaspora burkinab\u00e9.<br \/>\n T.Z<\/p>\n","protected":false},"excerpt":{"rendered":"<p>Le N 23, organisation de la diaspora burkinab\u00e9, a d\u00e9sormais un coordonnateur \u00e0 Adjam\u00e9. Son nom Jean-Marie Thiombiano. Il a \u00e9t\u00e9 investi le dimanche 27 novembre 2016, au stade de Paillet dans ladite commune Moumouni Pograwa, coordonnateur g\u00e9n\u00e9ral de N23 et parrain de cette c\u00e9r\u00e9monie a appel\u00e9 \u00e0 l\u2019union des Burkinab\u00e8 de tous les bords [&hellip;]<\/p>\n","protected":false},"author":1,"featured_media":0,"comment_status":"closed","ping_status":"closed","sticky":false,"template":"","format":"standard","meta":{"_monsterinsights_skip_tracking":false,"_monsterinsights_sitenote_active":false,"_monsterinsights_sitenote_note":"","_monsterinsights_sitenote_category":0,"footnotes":""},"categories":[24],"tags":[],"class_list":["post-1668","post","type-post","status-publish","format-standard","hentry","category-non-illustres"],"_links":{"self":[{"href":"https:\/\/www.lintelligentdabidjan.info\/news\/wp-json\/wp\/v2\/posts\/1668","targetHints":{"allow":["GET"]}}],"collection":[{"href":"https:\/\/www.lintelligentdabidjan.info\/news\/wp-json\/wp\/v2\/posts"}],"about":[{"href":"https:\/\/www.lintelligentdabidjan.info\/news\/wp-json\/wp\/v2\/types\/post"}],"author":[{"embeddable":true,"href":"https:\/\/www.lintelligentdabidjan.info\/news\/wp-json\/wp\/v2\/users\/1"}],"replies":[{"embeddable":true,"href":"https:\/\/www.lintelligentdabidjan.info\/news\/wp-json\/wp\/v2\/comments?post=1668"}],"version-history":[{"count":1,"href":"https:\/\/www.lintelligentdabidjan.info\/news\/wp-json\/wp\/v2\/posts\/1668\/revisions"}],"predecessor-version":[{"id":1669,"href":"https:\/\/www.lintelligentdabidjan.info\/news\/wp-json\/wp\/v2\/posts\/1668\/revisions\/1669"}],"wp:attachment":[{"href":"https:\/\/www.lintelligentdabidjan.info\/news\/wp-json\/wp\/v2\/media?parent=1668"}],"wp:term":[{"taxonomy":"category","embeddable":true,"href":"https:\/\/www.lintelligentdabidjan.info\/news\/wp-json\/wp\/v2\/categories?post=1668"},{"taxonomy":"post_tag","embeddable":true,"href":"https:\/\/www.lintelligentdabidjan.info\/news\/wp-json\/wp\/v2\/tags?post=1668"}],"curies":[{"name":"wp","href":"https:\/\/api.w.org\/{rel}","templated":true}]}}