{"id":1672,"date":"2016-11-29T07:38:07","date_gmt":"2016-11-29T06:38:07","guid":{"rendered":"http:\/\/www.lintelligentdabidjan.info\/news\/?p=1672"},"modified":"2016-11-29T07:38:07","modified_gmt":"2016-11-29T06:38:07","slug":"lutte-contre-linsalubrite-un-seminaire-pour-degager-des-solutions-consensuelles","status":"publish","type":"post","link":"https:\/\/www.lintelligentdabidjan.info\/news\/lutte-contre-linsalubrite-un-seminaire-pour-degager-des-solutions-consensuelles\/","title":{"rendered":"Lutte contre l\u2019insalubrit\u00e9 Un s\u00e9minaire pour d\u00e9gager des solutions consensuelles"},"content":{"rendered":"<p>Une centaine d\u2019acteurs concern\u00e9s par la question de l\u2019insalubrit\u00e9 sont au laboratoire dans un complexe h\u00f4telier dans la commune de Cocody pour d\u00e9gager des pistes de r\u00e9flexion sur la lutte contre l\u2019insalubrit\u00e9.<br \/>\n\u00ab Mise en place d\u2019un cadre de concertation permanent entre les acteurs institutionnels en charge des modalit\u00e9s d\u2019occupation et d\u2019exploitation du domaine public urbain en vue de la lutte contre l\u2019insalubrit\u00e9 \u00bb, tel est le th\u00e8me qui r\u00e9unit du 28 au 29 novembre 2016 l\u2019ensemble des acteurs concern\u00e9s par la th\u00e9matique de l\u2019insalubrit\u00e9. Coulibaly Mohamed, conseiller technique du ministre de la Salubrit\u00e9 urbaine et de l\u2019Assainissement, Anne Ouloto, sur les raisons de ce s\u00e9minaire : \u00ab Il va \u00eatre le lieu d\u2019harmoniser notre compr\u00e9hension mais \u00e9galement l\u2019application des textes r\u00e9glementaires existants dans le secteur de la salubrit\u00e9. Il y a une batterie de textes r\u00e9glementaires mais leur application sur le terrain diverge d\u2019une structure \u00e0 une autre. Nous avons estim\u00e9 n\u00e9cessaire d\u2019organiser cet atelier pour que l\u2019ensemble des acteurs puissent comprendre pour d\u00e9cider ensemble de leur mise en application sur le terrain \u00bb a pr\u00e9cis\u00e9 le collaborateur du Ministre Anne Ouloto. Pour le conseiller technique, le sujet englobe plusieurs domaines d\u2019o\u00f9 son caract\u00e8re transversale. \u00ab La question de la salubrit\u00e9 et de l\u2019assainissement est une question transversale. Donc, la r\u00e9solution des difficult\u00e9s li\u00e9es \u00e0 ce secteur doit se faire de fa\u00e7on m\u00e9thodique et progressive. L\u2019exigence de cette m\u00e9thode demande que nous puissions associer l\u2019ensemble des acteurs intervenant dans le secteur de la salubrit\u00e9 \u00bb, a-t-il fait savoir.<br \/>\nQuant \u00e0 Djoman Maxime, Directeur des Affaires juridiques et du contentieux (DAJC) dudit minist\u00e8re, il a indiqu\u00e9 l\u2019importance qu\u2019accorde la ministre Anne Ouloto sur la promotion de la salubrit\u00e9 et \u00e0 l\u2019occupation et l\u2019exploitation respectueuse du domaine public. D\u2019o\u00f9 l\u2019institution par le minist\u00e8re d\u2019un prix d\u2019excellence des communes qui se distinguent par leur propri\u00e9t\u00e9. Pour Djoman Maxime, ce s\u00e9minaire doit aboutir \u00e0 une identit\u00e9 de vues sur l\u2019application des textes r\u00e9glementaires. \u00ab Les profondes mutations qui s\u2019op\u00e8rent aujourd\u2019hui dans le monde au plan de la pr\u00e9servation de notre cadre de  vie, nous interpellent au plus niveau et nous projettent dans des d\u00e9fis majeurs auxquels nous devons faire face \u00bb, dira-t-il puis d\u2019ajouter : \u00ab Fort de ce contexte, la protection du cadre de vie est un enjeu majeur de choix de soci\u00e9t\u00e9 et de ce fait, n\u2019\u00e9chappe pas \u00e0 l\u2019emprise du droit. Dans cette optique, notre pays s\u2019est dot\u00e9 de plusieurs textes l\u00e9gislatifs et r\u00e9glementaires en mati\u00e8re de salubrit\u00e9, d\u2019occupation et d\u2019exploitation du domaine public. Sa mise en \u0153uvre effective et le contr\u00f4le de leur application rel\u00e8vent n\u00e9cessairement de l\u2019implication des minist\u00e8res, des districts, des mairies, des institutions, de la soci\u00e9t\u00e9 civile et des professions de m\u00e9tiers et d\u2019artisans \u00bb, a justifi\u00e9 le juriste.<br \/>\nErnest Famin<\/p>\n","protected":false},"excerpt":{"rendered":"<p>Une centaine d\u2019acteurs concern\u00e9s par la question de l\u2019insalubrit\u00e9 sont au laboratoire dans un complexe h\u00f4telier dans la commune de Cocody pour d\u00e9gager des pistes de r\u00e9flexion sur la lutte contre l\u2019insalubrit\u00e9. \u00ab Mise en place d\u2019un cadre de concertation permanent entre les acteurs institutionnels en charge des modalit\u00e9s d\u2019occupation et d\u2019exploitation du domaine public [&hellip;]<\/p>\n","protected":false},"author":1,"featured_media":0,"comment_status":"closed","ping_status":"closed","sticky":false,"template":"","format":"standard","meta":{"_monsterinsights_skip_tracking":false,"_monsterinsights_sitenote_active":false,"_monsterinsights_sitenote_note":"","_monsterinsights_sitenote_category":0,"footnotes":""},"categories":[24],"tags":[],"class_list":["post-1672","post","type-post","status-publish","format-standard","hentry","category-non-illustres"],"_links":{"self":[{"href":"https:\/\/www.lintelligentdabidjan.info\/news\/wp-json\/wp\/v2\/posts\/1672","targetHints":{"allow":["GET"]}}],"collection":[{"href":"https:\/\/www.lintelligentdabidjan.info\/news\/wp-json\/wp\/v2\/posts"}],"about":[{"href":"https:\/\/www.lintelligentdabidjan.info\/news\/wp-json\/wp\/v2\/types\/post"}],"author":[{"embeddable":true,"href":"https:\/\/www.lintelligentdabidjan.info\/news\/wp-json\/wp\/v2\/users\/1"}],"replies":[{"embeddable":true,"href":"https:\/\/www.lintelligentdabidjan.info\/news\/wp-json\/wp\/v2\/comments?post=1672"}],"version-history":[{"count":1,"href":"https:\/\/www.lintelligentdabidjan.info\/news\/wp-json\/wp\/v2\/posts\/1672\/revisions"}],"predecessor-version":[{"id":1673,"href":"https:\/\/www.lintelligentdabidjan.info\/news\/wp-json\/wp\/v2\/posts\/1672\/revisions\/1673"}],"wp:attachment":[{"href":"https:\/\/www.lintelligentdabidjan.info\/news\/wp-json\/wp\/v2\/media?parent=1672"}],"wp:term":[{"taxonomy":"category","embeddable":true,"href":"https:\/\/www.lintelligentdabidjan.info\/news\/wp-json\/wp\/v2\/categories?post=1672"},{"taxonomy":"post_tag","embeddable":true,"href":"https:\/\/www.lintelligentdabidjan.info\/news\/wp-json\/wp\/v2\/tags?post=1672"}],"curies":[{"name":"wp","href":"https:\/\/api.w.org\/{rel}","templated":true}]}}