{"id":1676,"date":"2016-11-29T07:40:04","date_gmt":"2016-11-29T06:40:04","guid":{"rendered":"http:\/\/www.lintelligentdabidjan.info\/news\/?p=1676"},"modified":"2016-11-29T07:40:04","modified_gmt":"2016-11-29T06:40:04","slug":"litterature-un-concours-des-jeunes-talents-africains-lance","status":"publish","type":"post","link":"https:\/\/www.lintelligentdabidjan.info\/news\/litterature-un-concours-des-jeunes-talents-africains-lance\/","title":{"rendered":"Litt\u00e9rature:  Un concours des jeunes talents africains lanc\u00e9"},"content":{"rendered":"<p>Le lancement officiel de la premi\u00e8re \u00e9dition du concours d\u2019\u00e9criture intitul\u00e9 \u2018\u2019concours litt\u00e9raire panafricain\u2019\u2019 organis\u00e9 par Afrique concours talent a eu lieu le vendredi 25 novembre 2016 \u00e0 la salle des d\u00e9dicaces d\u2019une librairie \u00e0 Abidjan-Cocody. C\u2019\u00e9tait en pr\u00e9sence du repr\u00e9sentant du ministre de la Culture et de la Francophonie.<br \/>\nHenri N\u2019Koumo directeur du Livre, repr\u00e9sentant du ministre de la Culture et de la Francophonie, a salu\u00e9 l\u2019initiative de M. Diaby Ali pour l\u2019organisation dudit concours. \u00ab Il est important pour le minist\u00e8re de la Culture et de la Francophonie et l\u2019association des \u00e9crivains de C\u00f4te d\u2019Ivoire, d\u2019apporter un encadrement aux porteurs d\u2019un tel projet. En C\u00f4te d\u2019Ivoire nous avons des talents cach\u00e9s qui exercent dans ce milieu. Ce concours est une occasion pour eux de faire montre de leur savoir-faire \u00bb a indiqu\u00e9 le repr\u00e9sentant de la Culture et de la Francophonie. Pour lui, quand il s\u2019agit de promouvoir en g\u00e9n\u00e9ral la culture africaine et en particulier ivoirienne, le minist\u00e8re de la Culture et de la Francophonie ne m\u00e9nage aucun effort pour accompagner ces genres d\u2019initiatives. M. Ety Marcaire, pr\u00e9sident de l\u2019association des \u00e9crivains de C\u00f4te d\u2019Ivoire a, pour sa part, f\u00e9licit\u00e9 les organisateurs du concours litt\u00e9raire panafricain. Selon lui, un tel concours doit \u00eatre bien suivi afin que le produit final soit le reflet de la C\u00f4te d\u2019Ivoire, grand pays, pays de Bandaman Maurice, de Bernard Dadi\u00e9, de Jean-Marie Adjafi\u2026 Ali Diaby, directeur d\u2019Afrique concours talent, a remerci\u00e9 tous ceux qui ont pris part au lancement officiel du concours. \u00ab Ce concours vient apporter une innovation dans le milieu litt\u00e9raire. C\u2019est aussi une mani\u00e8re pour nous de promouvoir les talents des jeunes africains \u00e0 travers la lecture et le livre. Ce concours concerne tous les jeunes talents africains qui envisagent d\u2019\u00e9voluer dans ce milieu \u00bb a-t-il indiqu\u00e9. Parlant du th\u00e8me retenu pour cette premi\u00e8re \u00e9dition qui est la \u00ab pr\u00e9servation de l\u2019environnement \u00bb, Ali Diaby a fait savoir que c\u2019est un th\u00e8me qui est de l\u2019actualit\u00e9. \u00ab Les chefs d\u2019Etats africains et Europ\u00e9ens se sont r\u00e9unis \u00e0 la Cop 21 \u00e0 Paris et \u00e0 la Cop 22 au Maroc sur la question du r\u00e9chauffement climatique et proposer des solutions. A travers ce concours, les jeunes \u00e9crivains pourront apporter aussi des solutions. Le premier repartira avec le troph\u00e9e, une somme de 3 millions de FCFA et une publication de son \u0153uvre sur une p\u00e9riode de 1 an par les diff\u00e9rents sponsors. Les publications des autres finalistes seront de-m\u00eame  publi\u00e9es \u00bb a-t-il fait savoir. Cette c\u00e9r\u00e9monie a pris fin par la d\u00e9dicace des ouvrages intitul\u00e9s \u2018\u2019Destin Ambigu\u2019\u2019 et \u2018\u2019 qui se cache derri\u00e8re Boko Haram\u2019\u2019 de l\u2019\u00e9crivain Ali Diaby. Notons que la marraine de cette premi\u00e8re \u00e9dition est la Premi\u00e8re Dame Mme Dominique Ouattara.<br \/>\nG.K<\/p>\n","protected":false},"excerpt":{"rendered":"<p>Le lancement officiel de la premi\u00e8re \u00e9dition du concours d\u2019\u00e9criture intitul\u00e9 \u2018\u2019concours litt\u00e9raire panafricain\u2019\u2019 organis\u00e9 par Afrique concours talent a eu lieu le vendredi 25 novembre 2016 \u00e0 la salle des d\u00e9dicaces d\u2019une librairie \u00e0 Abidjan-Cocody. C\u2019\u00e9tait en pr\u00e9sence du repr\u00e9sentant du ministre de la Culture et de la Francophonie. Henri N\u2019Koumo directeur du Livre, [&hellip;]<\/p>\n","protected":false},"author":1,"featured_media":0,"comment_status":"closed","ping_status":"closed","sticky":false,"template":"","format":"standard","meta":{"_monsterinsights_skip_tracking":false,"_monsterinsights_sitenote_active":false,"_monsterinsights_sitenote_note":"","_monsterinsights_sitenote_category":0,"footnotes":""},"categories":[24],"tags":[],"class_list":["post-1676","post","type-post","status-publish","format-standard","hentry","category-non-illustres"],"_links":{"self":[{"href":"https:\/\/www.lintelligentdabidjan.info\/news\/wp-json\/wp\/v2\/posts\/1676","targetHints":{"allow":["GET"]}}],"collection":[{"href":"https:\/\/www.lintelligentdabidjan.info\/news\/wp-json\/wp\/v2\/posts"}],"about":[{"href":"https:\/\/www.lintelligentdabidjan.info\/news\/wp-json\/wp\/v2\/types\/post"}],"author":[{"embeddable":true,"href":"https:\/\/www.lintelligentdabidjan.info\/news\/wp-json\/wp\/v2\/users\/1"}],"replies":[{"embeddable":true,"href":"https:\/\/www.lintelligentdabidjan.info\/news\/wp-json\/wp\/v2\/comments?post=1676"}],"version-history":[{"count":1,"href":"https:\/\/www.lintelligentdabidjan.info\/news\/wp-json\/wp\/v2\/posts\/1676\/revisions"}],"predecessor-version":[{"id":1677,"href":"https:\/\/www.lintelligentdabidjan.info\/news\/wp-json\/wp\/v2\/posts\/1676\/revisions\/1677"}],"wp:attachment":[{"href":"https:\/\/www.lintelligentdabidjan.info\/news\/wp-json\/wp\/v2\/media?parent=1676"}],"wp:term":[{"taxonomy":"category","embeddable":true,"href":"https:\/\/www.lintelligentdabidjan.info\/news\/wp-json\/wp\/v2\/categories?post=1676"},{"taxonomy":"post_tag","embeddable":true,"href":"https:\/\/www.lintelligentdabidjan.info\/news\/wp-json\/wp\/v2\/tags?post=1676"}],"curies":[{"name":"wp","href":"https:\/\/api.w.org\/{rel}","templated":true}]}}