{"id":16791,"date":"2019-10-12T17:23:23","date_gmt":"2019-10-12T15:23:23","guid":{"rendered":"https:\/\/www.lintelligentdabidjan.info\/news\/?p=16791"},"modified":"2019-10-12T17:23:23","modified_gmt":"2019-10-12T15:23:23","slug":"soro-jai-fait-de-bruno-kone-ministre-a-la-place-de-bamba-mamadou-de-orange","status":"publish","type":"post","link":"https:\/\/www.lintelligentdabidjan.info\/news\/soro-jai-fait-de-bruno-kone-ministre-a-la-place-de-bamba-mamadou-de-orange\/","title":{"rendered":"Soro: j\u2019ai fait de Bruno Kon\u00e9 ministre \u00e0 la place de Bamba Mamadou de Orange"},"content":{"rendered":"<p><strong><em>Pr\u00e9sent samedi 12 octobre 2019 \u00e0 Valence en Espagne pour \u00e9changer avec ses partisans y r\u00e9sidant, ( des \u00e9changes suivi sur les r\u00e9seaux sociaux, et depuis son domicile par des membres du Conseil politique (CP)), Guillaume Soro a r\u00e9v\u00e9l\u00e9 que c\u2019est gr\u00e2ce lui que Bruno Kon\u00e9 est devenu ministre en C\u00f4te d\u2019Ivoire, en 2011. <\/em><\/strong><\/p>\n<p>Dans des \u00e9changes sur les r\u00e9seaux sociaux, le ministre Bruno Kon\u00e9 avait affirm\u00e9 avoir \u00e9t\u00e9 nomm\u00e9 par le Pr\u00e9sident de la R\u00e9publique directement. Il avait estim\u00e9 que sa nomination n\u2019\u00e9tait pas une initiative isol\u00e9e de l\u2019ex chef de la r\u00e9bellion, alors que des proches de Guillaume Soro le pr\u00e9sentaient comme un cadre des forces nouvelles, pr\u00e9cisant m\u00eame que c\u2019est \u00e0 ce titre qu\u2019il avait \u00e9t\u00e9 nomm\u00e9.<\/p>\n<p>Sur la question, l\u2019ex Premier ministre ivoirien en rupture de ban avec le Rhdp au pouvoir, a dit : \u00ab Kon\u00e9 Bruno est aujourd&#8217;hui un grand ministre au gouvernement. Mais, c&#8217;est moi qui ai fait de lui ministre. Il ne s&#8217;y attendait m\u00eame pas. <\/p>\n<p>Celui que je devais prendre, c&#8217;est Bamba Mamadou, alors DG de Orange C\u00f4te d&#8217;Ivoire.  Que Bruno demande \u00e0 ce Bamba Mamadou, ce qui s&#8217;est pass\u00e9 pour que ce soit lui Bruno que j&#8217;ai choisi ! \u00bb.<\/p>\n<p><strong>JH Koffo<\/strong> <\/p>\n","protected":false},"excerpt":{"rendered":"<p>Pr\u00e9sent samedi 12 octobre 2019 \u00e0 Valence en Espagne pour \u00e9changer avec ses partisans y r\u00e9sidant, ( des \u00e9changes suivi sur les r\u00e9seaux sociaux, et depuis son domicile par des membres du Conseil politique (CP)), Guillaume Soro a r\u00e9v\u00e9l\u00e9 que c\u2019est gr\u00e2ce lui que Bruno Kon\u00e9 est devenu ministre en C\u00f4te d\u2019Ivoire, en 2011. Dans [&hellip;]<\/p>\n","protected":false},"author":3,"featured_media":16792,"comment_status":"closed","ping_status":"closed","sticky":false,"template":"","format":"standard","meta":{"_monsterinsights_skip_tracking":false,"_monsterinsights_sitenote_active":false,"_monsterinsights_sitenote_note":"","_monsterinsights_sitenote_category":0,"footnotes":""},"categories":[2,1,17],"tags":[],"class_list":["post-16791","post","type-post","status-publish","format-standard","has-post-thumbnail","hentry","category-featured","category-actualites","category-politique"],"_links":{"self":[{"href":"https:\/\/www.lintelligentdabidjan.info\/news\/wp-json\/wp\/v2\/posts\/16791","targetHints":{"allow":["GET"]}}],"collection":[{"href":"https:\/\/www.lintelligentdabidjan.info\/news\/wp-json\/wp\/v2\/posts"}],"about":[{"href":"https:\/\/www.lintelligentdabidjan.info\/news\/wp-json\/wp\/v2\/types\/post"}],"author":[{"embeddable":true,"href":"https:\/\/www.lintelligentdabidjan.info\/news\/wp-json\/wp\/v2\/users\/3"}],"replies":[{"embeddable":true,"href":"https:\/\/www.lintelligentdabidjan.info\/news\/wp-json\/wp\/v2\/comments?post=16791"}],"version-history":[{"count":1,"href":"https:\/\/www.lintelligentdabidjan.info\/news\/wp-json\/wp\/v2\/posts\/16791\/revisions"}],"predecessor-version":[{"id":16793,"href":"https:\/\/www.lintelligentdabidjan.info\/news\/wp-json\/wp\/v2\/posts\/16791\/revisions\/16793"}],"wp:featuredmedia":[{"embeddable":true,"href":"https:\/\/www.lintelligentdabidjan.info\/news\/wp-json\/wp\/v2\/media\/16792"}],"wp:attachment":[{"href":"https:\/\/www.lintelligentdabidjan.info\/news\/wp-json\/wp\/v2\/media?parent=16791"}],"wp:term":[{"taxonomy":"category","embeddable":true,"href":"https:\/\/www.lintelligentdabidjan.info\/news\/wp-json\/wp\/v2\/categories?post=16791"},{"taxonomy":"post_tag","embeddable":true,"href":"https:\/\/www.lintelligentdabidjan.info\/news\/wp-json\/wp\/v2\/tags?post=16791"}],"curies":[{"name":"wp","href":"https:\/\/api.w.org\/{rel}","templated":true}]}}