{"id":16801,"date":"2019-10-13T01:04:14","date_gmt":"2019-10-12T23:04:14","guid":{"rendered":"https:\/\/www.lintelligentdabidjan.info\/news\/?p=16801"},"modified":"2019-10-13T09:43:37","modified_gmt":"2019-10-13T07:43:37","slug":"cote-divoirebruno-kone-est-il-le-seul-ministre-que-soro-a-nomme-reactions","status":"publish","type":"post","link":"https:\/\/www.lintelligentdabidjan.info\/news\/cote-divoirebruno-kone-est-il-le-seul-ministre-que-soro-a-nomme-reactions\/","title":{"rendered":"C\u00f4te d\u2019Ivoire:Bruno Kon\u00e9 est-il le seul ministre que Soro a nomm\u00e9 (r\u00e9actions)"},"content":{"rendered":"<p>Suite \u00e0 la publication de l\u2019article <a href=\"https:\/\/www.lintelligentdabidjan.info\/news\/soro-jai-fait-de-bruno-kone-ministre-a-la-place-de-bamba-mamadou-de-orange\/\">https:\/\/www.lintelligentdabidjan.info\/news\/soro-jai-fait-de-bruno-kone-ministre-a-la-place-de-bamba-mamadou-de-orange\/<\/a> faisant \u00e9tat des r\u00e9v\u00e9lations de Guillaume Soro sur la nomination du Ministre Bruno Kon\u00e9 au gouvernement en 2011, des lecteurs ont r\u00e9agi.<\/p>\n<p>Une des observations \u00e9tait la suivante : \u00ab Mais lui Guillaume Soro , il a bien \u00e9t\u00e9 nomm\u00e9 par quelqu\u2019un ! O\u00f9 est le probl\u00e8me s\u2019il propose quelqu\u2019un \u00e0 un poste? Par ailleurs, il y\u2019a avait dans ce gouvernement 36 ministres. Qu\u2019est ce que le ministre Bruno Kon\u00e9 lui a fait particuli\u00e8rement, au point de susciter cette r\u00e9action de Guillaume Soro, qui fait suite aux \u00e9changes que le ministre avait d\u00e9j\u00e0 eus, avec un proche de l\u2019ex Pr\u00e9sident de l\u2019Assembl\u00e9e nationale dans un d\u00e9bat sur la question sur Twitter ? \u00bb.<\/p>\n<p>Sur la question, voici ce que le ministre Bruno Kon\u00e9 avait \u00e9crit le 14 septembre 2019, dans ses \u00e9changes avec Tour\u00e9 Moussa, conseiller de Guillaume Soro : \u00ab Le 2 juin 2011 , j\u2019ai \u00e9t\u00e9 re\u00e7u par le Pr\u00e9sident de la R\u00e9publique, Alassane Ouattara, \u00e0 10h pour me confirmer ma nomination, et par le Premier ministre Guillaume Soro Kigbafory \u00e0 16h. Je n\u2019ai pas \u00e9t\u00e9 m\u00eal\u00e9 aux tractations avant, je n\u2019en connais pas les termes et je ne vois pas pourquoi je devrais me sentir li\u00e9 par cela, surtout \u00e0 vie \u00bb.<\/p>\n<p>&nbsp;<\/p>\n<p style=\"text-align: center;\"><img loading=\"lazy\" decoding=\"async\" class=\"alignnone wp-image-16803\" src=\"https:\/\/www.lintelligentdabidjan.info\/news\/wp-content\/uploads\/2019\/10\/image1-205x300.jpeg\" alt=\"image1\" width=\"312\" height=\"456\" srcset=\"https:\/\/www.lintelligentdabidjan.info\/news\/wp-content\/uploads\/2019\/10\/image1-205x300.jpeg 205w, https:\/\/www.lintelligentdabidjan.info\/news\/wp-content\/uploads\/2019\/10\/image1-768x1123.jpeg 768w, https:\/\/www.lintelligentdabidjan.info\/news\/wp-content\/uploads\/2019\/10\/image1-700x1024.jpeg 700w, https:\/\/www.lintelligentdabidjan.info\/news\/wp-content\/uploads\/2019\/10\/image1-696x1018.jpeg 696w, https:\/\/www.lintelligentdabidjan.info\/news\/wp-content\/uploads\/2019\/10\/image1-1068x1562.jpeg 1068w, https:\/\/www.lintelligentdabidjan.info\/news\/wp-content\/uploads\/2019\/10\/image1-287x420.jpeg 287w, https:\/\/www.lintelligentdabidjan.info\/news\/wp-content\/uploads\/2019\/10\/image1.jpeg 1094w\" sizes=\"auto, (max-width: 312px) 100vw, 312px\" \/><\/p>\n<div dir=\"ltr\">Contact\u00e9, un connaisseur de la vie politique ivoirienne qui a requis l\u2019anonymat explique : \u00ab Il est \u00e9vident que sauf pour certains postes ( d\u00e9fense , \u00e9conomie et fianc\u00e9s, justice , affaires \u00e9trang\u00e8res ) appel\u00e9s minist\u00e8re de souverainet\u00e9, une personnalit\u00e9 ne peut pas devenir membre d\u2019un gouvernement si le Pr\u00e9sident de la R\u00e9publique et le Premier ministre, chef du gouvernement ne sont pas d\u2019accord.<\/div>\n<div dir=\"ltr\"><\/div>\n<div dir=\"ltr\"><\/div>\n<div dir=\"ltr\"><\/div>\n<div dir=\"ltr\">\n<\/div>\n<div dir=\"ltr\"><\/div>\n<div dir=\"ltr\"><\/div>\n<div dir=\"ltr\"><\/div>\n<div dir=\"ltr\">M\u00eame pour les minist\u00e8res de souverainet\u00e9, ils peuvent trouver un accord, avec voix pr\u00e9pond\u00e9rante pour le Pr\u00e9sident de la R\u00e9publique, pour tous les autres postes. Vu sous cet angle, Guillaume Soro peut avoir eu \u00e0 arbitrer entre Bamba Mamadou et Bruno Kon\u00e9.<\/div>\n<div dir=\"ltr\"><\/div>\n<div dir=\"ltr\"><\/div>\n<div dir=\"ltr\"><\/div>\n<div dir=\"ltr\"><\/div>\n<div dir=\"ltr\"><\/div>\n<div dir=\"ltr\"><\/div>\n<div dir=\"ltr\">De toutes les fa\u00e7ons, Bruno Kon\u00e9 n\u2019a jamais pens\u00e9 qu\u2019il pouvait \u00eatre avoir \u00e9t\u00e9 nomm\u00e9, sans l\u2019aval de Guillaume Soro, m\u00eame si c\u2019est le Pr\u00e9sident de la R\u00e9publique, qui a \u00e9t\u00e9 le premier \u00e0 l\u2019informer, comme pour dire que c\u2019est d\u2019abord gr\u00e2ce \u00e0 lui qu\u2019il a \u00e9t\u00e9 nomm\u00e9.<\/div>\n<div dir=\"ltr\"><\/div>\n<div dir=\"ltr\"><\/div>\n<div dir=\"ltr\"><\/div>\n<div dir=\"ltr\">Ensuite, dans le d\u00e9cret , on \u00e9crit toujours que le gouvernement a \u00e9t\u00e9 form\u00e9 sur proposition du Premier ministre, chef du gouvernement ; on suppose donc que Bruno Kon\u00e9, comme plusieurs autres membres du gouvernement, a bien \u00e9t\u00e9 propos\u00e9 par le Premier ministre Guillaume Soro, sans que cela me fasse l\u2019objet d\u2019une pol\u00e9mique particuli\u00e8re \u00bb.<\/div>\n<div dir=\"ltr\"><\/div>\n<div dir=\"ltr\"><\/div>\n<div dir=\"ltr\"><\/div>\n<div dir=\"ltr\"><\/div>\n<div dir=\"ltr\">Le d\u00e9bat sera-t-il enfin clos ?<\/div>\n<div dir=\"ltr\"><\/div>\n<div dir=\"ltr\"><\/div>\n<div dir=\"ltr\"><\/div>\n<div dir=\"ltr\"><\/div>\n<div dir=\"ltr\"><\/div>\n<div dir=\"ltr\" style=\"text-align: right;\">Charles Kouassi<\/div>\n","protected":false},"excerpt":{"rendered":"<p>Suite \u00e0 la publication de l\u2019article https:\/\/www.lintelligentdabidjan.info\/news\/soro-jai-fait-de-bruno-kone-ministre-a-la-place-de-bamba-mamadou-de-orange\/ faisant \u00e9tat des r\u00e9v\u00e9lations de Guillaume Soro sur la nomination du Ministre Bruno Kon\u00e9 au gouvernement en 2011, des lecteurs ont r\u00e9agi. Une des observations \u00e9tait la suivante : \u00ab Mais lui Guillaume Soro , il a bien \u00e9t\u00e9 nomm\u00e9 par quelqu\u2019un ! O\u00f9 est le probl\u00e8me s\u2019il [&hellip;]<\/p>\n","protected":false},"author":3,"featured_media":16802,"comment_status":"closed","ping_status":"closed","sticky":false,"template":"","format":"standard","meta":{"_monsterinsights_skip_tracking":false,"_monsterinsights_sitenote_active":false,"_monsterinsights_sitenote_note":"","_monsterinsights_sitenote_category":0,"footnotes":""},"categories":[2,1,17],"tags":[],"class_list":["post-16801","post","type-post","status-publish","format-standard","has-post-thumbnail","hentry","category-featured","category-actualites","category-politique"],"_links":{"self":[{"href":"https:\/\/www.lintelligentdabidjan.info\/news\/wp-json\/wp\/v2\/posts\/16801","targetHints":{"allow":["GET"]}}],"collection":[{"href":"https:\/\/www.lintelligentdabidjan.info\/news\/wp-json\/wp\/v2\/posts"}],"about":[{"href":"https:\/\/www.lintelligentdabidjan.info\/news\/wp-json\/wp\/v2\/types\/post"}],"author":[{"embeddable":true,"href":"https:\/\/www.lintelligentdabidjan.info\/news\/wp-json\/wp\/v2\/users\/3"}],"replies":[{"embeddable":true,"href":"https:\/\/www.lintelligentdabidjan.info\/news\/wp-json\/wp\/v2\/comments?post=16801"}],"version-history":[{"count":4,"href":"https:\/\/www.lintelligentdabidjan.info\/news\/wp-json\/wp\/v2\/posts\/16801\/revisions"}],"predecessor-version":[{"id":16808,"href":"https:\/\/www.lintelligentdabidjan.info\/news\/wp-json\/wp\/v2\/posts\/16801\/revisions\/16808"}],"wp:featuredmedia":[{"embeddable":true,"href":"https:\/\/www.lintelligentdabidjan.info\/news\/wp-json\/wp\/v2\/media\/16802"}],"wp:attachment":[{"href":"https:\/\/www.lintelligentdabidjan.info\/news\/wp-json\/wp\/v2\/media?parent=16801"}],"wp:term":[{"taxonomy":"category","embeddable":true,"href":"https:\/\/www.lintelligentdabidjan.info\/news\/wp-json\/wp\/v2\/categories?post=16801"},{"taxonomy":"post_tag","embeddable":true,"href":"https:\/\/www.lintelligentdabidjan.info\/news\/wp-json\/wp\/v2\/tags?post=16801"}],"curies":[{"name":"wp","href":"https:\/\/api.w.org\/{rel}","templated":true}]}}