{"id":16817,"date":"2019-10-14T00:46:42","date_gmt":"2019-10-13T22:46:42","guid":{"rendered":"https:\/\/www.lintelligentdabidjan.info\/news\/?p=16817"},"modified":"2019-10-14T00:46:42","modified_gmt":"2019-10-13T22:46:42","slug":"mobilite-professionnelle-detachement-disponibiliteles-positions-speciales-dans-la-fonction-publique-expliquees","status":"publish","type":"post","link":"https:\/\/www.lintelligentdabidjan.info\/news\/mobilite-professionnelle-detachement-disponibiliteles-positions-speciales-dans-la-fonction-publique-expliquees\/","title":{"rendered":"Mobilit\u00e9 professionnelle, d\u00e9tachement, disponibilit\u00e9:Les positions sp\u00e9ciales dans la fonction publique expliqu\u00e9es"},"content":{"rendered":"<p><em><strong>Le jeudi 10 octobre 2019, lors du d\u00e9jeuner de presse organis\u00e9 par le minist\u00e8re de la fonction publique dans ses locaux \u00e0 Abidjan-Plateau, Kouassi Adl\u00e8s Francis, Directeur de la gestion administrative des personnels civils de l\u2019\u00c9tat, a expliqu\u00e9 les proc\u00e9dures administratives idoines pour une meilleure mobilit\u00e9 professionnelle des fonctionnaires de l\u2019\u00c9tat. <\/strong><\/em><\/p>\n<p>Il s\u2019est prononc\u00e9 sur les proc\u00e9dures li\u00e9es \u00e0 ce qui est appel\u00e9 dans le milieu,  \u201cLes positions sp\u00e9ciales\u201c.  \u00c0  savoir, la mobilit\u00e9 professionnelle, la disponibilit\u00e9, le d\u00e9tachement et la d\u00e9mission. Il s\u2019agit en d\u2019autres termes des conditions \u00e0 remplir pour  \u00eatre autoris\u00e9 \u00e0 changer d\u2019emplois  dans la fonction publique, demander une suspension temporairement ou d\u00e9finitive de ses activit\u00e9s pour occuper d\u2019autres fonctions ou satisfaire \u00e0 un mandat public national ou international, un mandat \u00e9lectif ou exercer une fonction minist\u00e9rielle. \u00ab Nous avons d\u00e9cid\u00e9 de communiquer sur ces aspects, parce  que ce sont les points au niveau desquels nous recevons le plus de plaintes de la part des agents de la fonction publique. Et nous avons constat\u00e9 que nos agents ignorent les proc\u00e9dures li\u00e9es \u00e0 ces diff\u00e9rents actes administratifs. Ce qui entraine de nombreux d\u00e9sagr\u00e9ments \u00bb, a pr\u00e9cis\u00e9 le chef du personnel de  la fonction publique.<br \/>\n:<br \/>\nPour \u00eatre autoris\u00e9 \u00e0 changer d\u2019emploi, Kouassi Adl\u00e8s Francis a indiqu\u00e9 que le fonctionnaire requ\u00e9rant doit montrer, dipl\u00f4me \u00e0 l\u2019appui, qu\u2019il a la formation professionnelle requise pour l\u2019exercice de la nouvelle fonction qu\u2019il sollicite. Il doit s\u2019assurer que la fonction qu\u2019il vise est inscrite dans le m\u00eame grade que son emploi pr\u00e9c\u00e9dent. \u00ab La mobilit\u00e9 professionnelle consiste pour un fonctionnaire \u00e0 changer d\u2019emploi au cours de sa carri\u00e8re, en fonction des besoins de l\u2019Administration, de la n\u00e9cessit\u00e9 d\u2019une reconversion professionnelle ou \u00e0 sa demande apr\u00e8s une formation professionnelle adapt\u00e9e. Toutefois, ce changement d\u2019emploi dans son grade peut intervenir pour des raisons de sant\u00e9. Dans ce cas, le fonctionnaire doit alors produire un certificat d\u00e9livr\u00e9 par le conseil de sant\u00e9 attestant qu\u2019il est physiquement inapte\u00bb, a-t-il fait savoir.<br \/>\nLe requ\u00e9rant devra \u00e9galement, selon lui, pr\u00e9senter une demande \u00e9crite au ministre charg\u00e9 de la Fonction publique, avec avis du ministre technique int\u00e9ress\u00e9. Selon le Directeur de la gestion administrative des personnels civils de l\u2019\u00c9tat, 91 cas de mobilit\u00e9 ont \u00e9t\u00e9 enregistr\u00e9s entre 2014 et 2018.<br \/>\n<strong><br \/>\n\u00ab 973 fonctionnaires mis \u00e0 disposition entre 2014 et 2018 \u00bb<\/strong><\/p>\n<p>Pour l\u2019agent dont l\u2019activit\u00e9 est temporairement suspendue \u00e0 sa demande  (La disponibilit\u00e9), pour des raisons personnelles, la dur\u00e9e est d\u2019un an renouvelable trois fois. \u00abLorsque la disponibilit\u00e9 est faite pour suivre un conjoint fonctionnaire en service ou affect\u00e9 \u00e0 l\u2019\u00e9tranger en raison de sa profession, cette dur\u00e9e est d\u2019un an renouvelable plusieurs fois tant que le conjoint est \u00e0 son poste\u00bb, a indiqu\u00e9 le chef du personnel civil de la fonction publique,  pr\u00e9cisant que l\u2019agent en disponibilit\u00e9 ne per\u00e7oit pas r\u00e9mun\u00e9ration pendant cette p\u00e9riode.  Entre 2014 et 2018, seulement 973 fonctionnaires ont, selon lui, b\u00e9n\u00e9fici\u00e9 de cette mise \u00e0 disposition. Kouassi Francis a indiqu\u00e9 que tout agent qui ne donne pas de signe de vie au terme de sa p\u00e9riode de disponibilit\u00e9, est consid\u00e9r\u00e9 comme d\u00e9missionnaire et envoy\u00e9 en conseil de discipline. Pour \u00eatre autoris\u00e9 \u00e0 reprendre le service, l\u2019agent doit adresser une demande au Ministre en charge de la Fonction Publique, produire un arr\u00eat\u00e9 de mise en disponibilit\u00e9. \u00abL\u2019int\u00e9ress\u00e9 en disponibilit\u00e9 doit solliciter sa r\u00e9int\u00e9gration deux mois au moins avant l\u2019expiration de sa p\u00e9riode de  disponibilit\u00e9 (\u2026). Un fonctionnaire \u00e9lu d\u00e9put\u00e9, nomm\u00e9 ministre ou haut fonctionnaire de l\u2019\u00c9tat \u00e0 l\u2019\u00e9tranger, peut \u00eatre aussit\u00f4t mis \u00e0 disposition et peut revenir au terme de ses fonction. Mais, le poste de maire est compatible avec la fonction publique. Un maire n\u2019est donc pas oblig\u00e9 de demander une mise \u00e0 disponibilit\u00e9\u00bb, a-t-il pr\u00e9cis\u00e9, entre autres.<br \/>\nKouassi Adl\u00e8s Francis, Directeur de la gestion administrative des personnels civils de l\u2019\u00c9tat, a invit\u00e9 les fonctionnaires de l\u2019\u00c9tat \u00e0 bien s\u2019informer sur les diff\u00e9rentes proc\u00e9dures administratives, selon leurs cas, avant toute action.<br \/>\n<strong><br \/>\nJ-H K<\/strong><\/p>\n","protected":false},"excerpt":{"rendered":"<p>Le jeudi 10 octobre 2019, lors du d\u00e9jeuner de presse organis\u00e9 par le minist\u00e8re de la fonction publique dans ses locaux \u00e0 Abidjan-Plateau, Kouassi Adl\u00e8s Francis, Directeur de la gestion administrative des personnels civils de l\u2019\u00c9tat, a expliqu\u00e9 les proc\u00e9dures administratives idoines pour une meilleure mobilit\u00e9 professionnelle des fonctionnaires de l\u2019\u00c9tat. Il s\u2019est prononc\u00e9 sur [&hellip;]<\/p>\n","protected":false},"author":3,"featured_media":16818,"comment_status":"closed","ping_status":"closed","sticky":false,"template":"","format":"standard","meta":{"_monsterinsights_skip_tracking":false,"_monsterinsights_sitenote_active":false,"_monsterinsights_sitenote_note":"","_monsterinsights_sitenote_category":0,"footnotes":""},"categories":[2,3],"tags":[],"class_list":["post-16817","post","type-post","status-publish","format-standard","has-post-thumbnail","hentry","category-featured","category-societe"],"_links":{"self":[{"href":"https:\/\/www.lintelligentdabidjan.info\/news\/wp-json\/wp\/v2\/posts\/16817","targetHints":{"allow":["GET"]}}],"collection":[{"href":"https:\/\/www.lintelligentdabidjan.info\/news\/wp-json\/wp\/v2\/posts"}],"about":[{"href":"https:\/\/www.lintelligentdabidjan.info\/news\/wp-json\/wp\/v2\/types\/post"}],"author":[{"embeddable":true,"href":"https:\/\/www.lintelligentdabidjan.info\/news\/wp-json\/wp\/v2\/users\/3"}],"replies":[{"embeddable":true,"href":"https:\/\/www.lintelligentdabidjan.info\/news\/wp-json\/wp\/v2\/comments?post=16817"}],"version-history":[{"count":1,"href":"https:\/\/www.lintelligentdabidjan.info\/news\/wp-json\/wp\/v2\/posts\/16817\/revisions"}],"predecessor-version":[{"id":16819,"href":"https:\/\/www.lintelligentdabidjan.info\/news\/wp-json\/wp\/v2\/posts\/16817\/revisions\/16819"}],"wp:featuredmedia":[{"embeddable":true,"href":"https:\/\/www.lintelligentdabidjan.info\/news\/wp-json\/wp\/v2\/media\/16818"}],"wp:attachment":[{"href":"https:\/\/www.lintelligentdabidjan.info\/news\/wp-json\/wp\/v2\/media?parent=16817"}],"wp:term":[{"taxonomy":"category","embeddable":true,"href":"https:\/\/www.lintelligentdabidjan.info\/news\/wp-json\/wp\/v2\/categories?post=16817"},{"taxonomy":"post_tag","embeddable":true,"href":"https:\/\/www.lintelligentdabidjan.info\/news\/wp-json\/wp\/v2\/tags?post=16817"}],"curies":[{"name":"wp","href":"https:\/\/api.w.org\/{rel}","templated":true}]}}