{"id":1682,"date":"2016-11-29T23:47:25","date_gmt":"2016-11-29T22:47:25","guid":{"rendered":"http:\/\/www.lintelligentdabidjan.info\/news\/?p=1682"},"modified":"2016-11-29T23:47:25","modified_gmt":"2016-11-29T22:47:25","slug":"soutenance-de-these-bamba-mamadou-raconte-lhistoire-de-marabadiassa","status":"publish","type":"post","link":"https:\/\/www.lintelligentdabidjan.info\/news\/soutenance-de-these-bamba-mamadou-raconte-lhistoire-de-marabadiassa\/","title":{"rendered":"Soutenance de Th\u00e8se : Bamba Mamadou raconte l\u2019histoire de Marabadiassa"},"content":{"rendered":"<p>Mamadou Bamba,  \u00e9tudiant en histoire \u00e0 l\u2019universit\u00e9 Alassane Ouattara de Bouak\u00e9 a  soutenu sa th\u00e8se  de doctorat le samedi 25 novembre 2016 \u00e0 l\u2019Insaac \u00e0 Cocody. <!--more--><\/p>\n<p>Cette soutenance avait pour th\u00e8me \u2019\u2019l\u2019histoire de Marabadiassa, selon les sources orales de 1891 \u00e0 1921\u2019\u2019.<br \/>\nApr\u00e8s sa prestation devant le jury compos\u00e9 notamment  de Ousseine Baye de l\u2019Universit\u00e9 Cheick Anta Diop de Dakar, du Pr Ouattara Tiorna, directeur de recherche \u00e0 l\u2019Universit\u00e9 F\u00e9lix Houphouet-Boigny et  de Latte Egue Jean-Michel , son directeur de th\u00e8se, Bamba Mamadou a obtenu la mention honorable \u00e0 l\u2019unanimit\u00e9 des jur\u00e9s. L\u2019\u00e9tudiant a expliqu\u00e9 pourquoi avoir choisi ce th\u00e8me. \u00ab  Nous avons depuis la Licence travaill\u00e9 sur les questions de Marabadiassa. A  cela s\u2019ajoutent  des raisons bien scientifiques et historiques.    C\u2019est une cit\u00e9 musulmane  en pays baoul\u00e9.  C\u2019est  pratiquement la seule cit\u00e9 islamique dans cette zone. Donc, il fallait expliquer les raisons de  l\u2019\u00e9mergence de cette cit\u00e9  dans cet environnement. Et \u00e0 cot\u00e9 de cela, il y a le  fait que  la fondation de Marabadiassa soit attribu\u00e9e  aux  guerriers de Samory Tour\u00e9, ou encore m\u00eame \u00e0 Samory Tour\u00e9 ce qui n\u2019en n\u2019est rien. Marabadiassa a \u00e9t\u00e9 fond\u00e9 par   Mory Tour\u00e9  et c\u2019est l\u2019histoire qui les a mis en contact dans cette cit\u00e9 \u00bb, a indiqu\u00e9 Bamba Mamadou. Qui a pr\u00e9cis\u00e9,  que \u00ab cette cit\u00e9 a  \u00e9t\u00e9 fond\u00e9e par Mory Tour\u00e9, un guerrier d\u2019origine de la Dawa venu  de la boucle du Niger plus pr\u00e9cis\u00e9ment de la r\u00e9gion du Gosso, qui  \u00e0  la suite d\u2019une migration conduite par son p\u00e8re, est arriv\u00e9 donc dans la C\u00f4te d\u2019Ivoire actuelle plus pr\u00e9cis\u00e9ment dans la zone de Bouna  apr\u00e8s  plusieurs escales. Son troupe et lui se sont m\u00eame install\u00e9s \u00e0 Sagalla, avant de venir b\u00e2tir Marabadiassa en passant bien s\u00fbr par la conqu\u00eate du  pays Tagbana et djimini \u00bb. La rencontre  a vu la pr\u00e9sence du directeur de la communication de la Commission nationale pour la  r\u00e9conciliation et l\u2019indemnisation des victimes Ahmed Tour\u00e9, de l\u2019ex-ministre de la D\u00e9fense  Michel Amani N\u2019Guessan  et  de Kon\u00e9 Idriss de la Pr\u00e9sidence de la R\u00e9publique.  <\/p>\n<p>Abdoulaye Tour\u00e9     <\/p>\n","protected":false},"excerpt":{"rendered":"<p>Mamadou Bamba, \u00e9tudiant en histoire \u00e0 l\u2019universit\u00e9 Alassane Ouattara de Bouak\u00e9 a soutenu sa th\u00e8se de doctorat le samedi 25 novembre 2016 \u00e0 l\u2019Insaac \u00e0 Cocody.<\/p>\n","protected":false},"author":2,"featured_media":0,"comment_status":"closed","ping_status":"closed","sticky":false,"template":"","format":"standard","meta":{"_monsterinsights_skip_tracking":false,"_monsterinsights_sitenote_active":false,"_monsterinsights_sitenote_note":"","_monsterinsights_sitenote_category":0,"footnotes":""},"categories":[3],"tags":[],"class_list":["post-1682","post","type-post","status-publish","format-standard","hentry","category-societe"],"_links":{"self":[{"href":"https:\/\/www.lintelligentdabidjan.info\/news\/wp-json\/wp\/v2\/posts\/1682","targetHints":{"allow":["GET"]}}],"collection":[{"href":"https:\/\/www.lintelligentdabidjan.info\/news\/wp-json\/wp\/v2\/posts"}],"about":[{"href":"https:\/\/www.lintelligentdabidjan.info\/news\/wp-json\/wp\/v2\/types\/post"}],"author":[{"embeddable":true,"href":"https:\/\/www.lintelligentdabidjan.info\/news\/wp-json\/wp\/v2\/users\/2"}],"replies":[{"embeddable":true,"href":"https:\/\/www.lintelligentdabidjan.info\/news\/wp-json\/wp\/v2\/comments?post=1682"}],"version-history":[{"count":1,"href":"https:\/\/www.lintelligentdabidjan.info\/news\/wp-json\/wp\/v2\/posts\/1682\/revisions"}],"predecessor-version":[{"id":1683,"href":"https:\/\/www.lintelligentdabidjan.info\/news\/wp-json\/wp\/v2\/posts\/1682\/revisions\/1683"}],"wp:attachment":[{"href":"https:\/\/www.lintelligentdabidjan.info\/news\/wp-json\/wp\/v2\/media?parent=1682"}],"wp:term":[{"taxonomy":"category","embeddable":true,"href":"https:\/\/www.lintelligentdabidjan.info\/news\/wp-json\/wp\/v2\/categories?post=1682"},{"taxonomy":"post_tag","embeddable":true,"href":"https:\/\/www.lintelligentdabidjan.info\/news\/wp-json\/wp\/v2\/tags?post=1682"}],"curies":[{"name":"wp","href":"https:\/\/api.w.org\/{rel}","templated":true}]}}