{"id":16830,"date":"2019-10-15T00:02:11","date_gmt":"2019-10-14T22:02:11","guid":{"rendered":"https:\/\/www.lintelligentdabidjan.info\/news\/?p=16830"},"modified":"2019-10-15T00:42:07","modified_gmt":"2019-10-14T22:42:07","slug":"arrestation-de-sorole-gouvernement-ivoirien-pas-implique-sidi-toure","status":"publish","type":"post","link":"https:\/\/www.lintelligentdabidjan.info\/news\/arrestation-de-sorole-gouvernement-ivoirien-pas-implique-sidi-toure\/","title":{"rendered":"Arrestation de Soro:le gouvernement ivoirien pas impliqu\u00e9 (Sidi Tour\u00e9)"},"content":{"rendered":"<p><em><strong>Le porte-parole du gouvernement ivoirien, Sidi Tiemoko Tour\u00e9 a r\u00e9agi au sujet de la tentative d\u2019arrestation de Guillaume Soro, telle que rapport\u00e9e par le concern\u00e9 lui-m\u00eame, \u00e0 Barcelone en Espagne, dans la nuit du lundi 7 octobre 2019 au mardi 8 octobre 2019.<\/strong> <\/em><\/p>\n<p>Interrog\u00e9 \u00e0 Abidjan dans la journ\u00e9e du lundi 14 octobre 2019, Sidi Tour\u00e9, ministre de la communication et des m\u00e9dias a dit :\u00ab Le gouvernement  ivoirien n&#8217;est en aucune mani\u00e8re impliqu\u00e9 dans cette affaire\u00bb. <\/p>\n<p>Le membre du gouvernement ivoirien n\u2019a pas jug\u00e9 utile de faire d\u2019autres commentaires, ni d\u2019autres observations sur la v\u00e9racit\u00e9 ou non de l\u2019affaire, tel que rapport\u00e9e par Guillaume Soro, qui tout en disant n\u2019avoir pas toutes les preuves, avait quand m\u00eame mis en cause la section ivoirienne d\u2019Interpol, qui aurait selon lui, agi en intelligence avec la section Interpol de l\u2019Espagne, \u00e0 l\u2019insu du si\u00e8ge au Lyon, et des autorit\u00e9s officielles espagnoles, \u00e0 en croire un \u00e9change qu\u2019il a eu avec l\u2019ambassadeur de l\u2019Espagne \u00e0 Abidjan. <\/p>\n<p><strong>JH Koffo <\/strong><\/p>\n<p>VERSION EN ANGLAIS <\/p>\n<p>The spokesman for the Ivorian government, Sidi Tiemoko Tour\u00e9, reacted to Guillaume Soro&#8217;s attempted arrest, as reported by the person concerned himself, in Barcelona, Spain, on the night of Monday 7 October 2019 to Tuesday 8 October 2019.<\/p>\n<p>When questioned in Abidjan on Monday 14 October 2019, Sidi Tour\u00e9, Minister of Communication and Media, said: &#8220;The Ivorian government is in no way involved in this case&#8221;.<\/p>\n<p>The member of the Ivorian government did not consider it useful to make any further comments or observations on the veracity or otherwise of the case, as reported by Guillaume Soro, who, while claiming not to have all the evidence, had nevertheless implicated the Ivorian section of Interpol, which, according to him, acted in intelligence with the Spanish Interpol section, without the knowledge of the headquarters in Lyon, and with the Spanish official authorities, according to an exchange he had with the Spanish ambassador in Abidjan.<\/p>\n<p>JH Koffo<\/p>\n","protected":false},"excerpt":{"rendered":"<p>Le porte-parole du gouvernement ivoirien, Sidi Tiemoko Tour\u00e9 a r\u00e9agi au sujet de la tentative d\u2019arrestation de Guillaume Soro, telle que rapport\u00e9e par le concern\u00e9 lui-m\u00eame, \u00e0 Barcelone en Espagne, dans la nuit du lundi 7 octobre 2019 au mardi 8 octobre 2019. Interrog\u00e9 \u00e0 Abidjan dans la journ\u00e9e du lundi 14 octobre 2019, Sidi [&hellip;]<\/p>\n","protected":false},"author":3,"featured_media":16566,"comment_status":"closed","ping_status":"closed","sticky":false,"template":"","format":"standard","meta":{"_monsterinsights_skip_tracking":false,"_monsterinsights_sitenote_active":false,"_monsterinsights_sitenote_note":"","_monsterinsights_sitenote_category":0,"footnotes":""},"categories":[2,1,17],"tags":[],"class_list":["post-16830","post","type-post","status-publish","format-standard","has-post-thumbnail","hentry","category-featured","category-actualites","category-politique"],"_links":{"self":[{"href":"https:\/\/www.lintelligentdabidjan.info\/news\/wp-json\/wp\/v2\/posts\/16830","targetHints":{"allow":["GET"]}}],"collection":[{"href":"https:\/\/www.lintelligentdabidjan.info\/news\/wp-json\/wp\/v2\/posts"}],"about":[{"href":"https:\/\/www.lintelligentdabidjan.info\/news\/wp-json\/wp\/v2\/types\/post"}],"author":[{"embeddable":true,"href":"https:\/\/www.lintelligentdabidjan.info\/news\/wp-json\/wp\/v2\/users\/3"}],"replies":[{"embeddable":true,"href":"https:\/\/www.lintelligentdabidjan.info\/news\/wp-json\/wp\/v2\/comments?post=16830"}],"version-history":[{"count":4,"href":"https:\/\/www.lintelligentdabidjan.info\/news\/wp-json\/wp\/v2\/posts\/16830\/revisions"}],"predecessor-version":[{"id":16838,"href":"https:\/\/www.lintelligentdabidjan.info\/news\/wp-json\/wp\/v2\/posts\/16830\/revisions\/16838"}],"wp:featuredmedia":[{"embeddable":true,"href":"https:\/\/www.lintelligentdabidjan.info\/news\/wp-json\/wp\/v2\/media\/16566"}],"wp:attachment":[{"href":"https:\/\/www.lintelligentdabidjan.info\/news\/wp-json\/wp\/v2\/media?parent=16830"}],"wp:term":[{"taxonomy":"category","embeddable":true,"href":"https:\/\/www.lintelligentdabidjan.info\/news\/wp-json\/wp\/v2\/categories?post=16830"},{"taxonomy":"post_tag","embeddable":true,"href":"https:\/\/www.lintelligentdabidjan.info\/news\/wp-json\/wp\/v2\/tags?post=16830"}],"curies":[{"name":"wp","href":"https:\/\/api.w.org\/{rel}","templated":true}]}}