{"id":16854,"date":"2019-10-16T00:15:21","date_gmt":"2019-10-15T22:15:21","guid":{"rendered":"https:\/\/www.lintelligentdabidjan.info\/news\/?p=16854"},"modified":"2019-10-16T00:15:50","modified_gmt":"2019-10-15T22:15:50","slug":"5eme-edition-du-salon-des-banques-et-pme-de-luemoalafp-pme-devoile-son-agenda","status":"publish","type":"post","link":"https:\/\/www.lintelligentdabidjan.info\/news\/5eme-edition-du-salon-des-banques-et-pme-de-luemoalafp-pme-devoile-son-agenda\/","title":{"rendered":"5\u00e8me  \u00e9dition du Salon des Banques et Pme de l\u2019Uemoa:L\u2019Afp-Pme  d\u00e9voile son agenda"},"content":{"rendered":"<p><em><strong>La 5\u00e8me  \u00e9dition du Salon des Banques et Pme de l\u2019Union \u00e9conomiques et mon\u00e9taire Ouest africaine (Uemoa) se tiendra du 7 au 10 novembre 2019 \u00e0 Korhogo,  en pr\u00e9sence de l\u2019Agence gouvernementale de financement et de promotion des Petites et moyennes entreprises (Afp-Pme).<\/strong><\/em><\/p>\n<p>\u00c0 quelques semaines de ce rendez-vous, le partenaire institutionnel du Salon au Burkina, l\u2019Afp-Pme a d\u00e9voil\u00e9 son agenda lors de cette 5\u00e8me \u00e9dition. L\u2019\u00e9dition 2019  sera meubl\u00e9e de rencontres d\u2019affaires (B to B), de panels, institution d\u2019un Village \u2018\u2019Made-In-Uemoa\u2019\u2019, un Cocktail Sme Networking et les Pme Awards. L\u2019Afp-Pme pr\u00e9voit \u00e9galement une caravane des Pme avec une cinquantaine de Pme burkinab\u00e8 et d\u2019autres nationalit\u00e9s. \u00c0 l\u2019instar des 4 premi\u00e8res \u00e9ditions, l\u2019Afp-Pme a r\u00e9it\u00e9r\u00e9 son soutien aux Pme. \u00ab Nous finan\u00e7ons, valorisons et d\u00e9veloppons le savoir-faire des Pme burkinab\u00e8. Il est normal pour nous de continuer \u00e0 les encourager \u00e0 saisir les opportunit\u00e9s de partenariats et d\u2019investissement que peuvent offrir le Salon des Banques et Pme de l\u2019Uemoa, et l\u2019ensemble des partenaires pr\u00e9sents\u00bb, a dit Kiswendsida Honor\u00e9 Kietyeta, directeur g\u00e9n\u00e9ral de l&#8217;Afp-Pme. Pr\u00e9sente \u00e0 toutes les \u00e9ditions du salon des banques et Pme en qualit\u00e9 de partenaire, l\u2019Afp-Pme est le bras op\u00e9rationnel des politiques gouvernementales en faveur des Pme. Cr\u00e9\u00e9e par le d\u00e9cret n\u00b02008-856\/Pres\/Pm\/Mef du 30 d\u00e9cembre 2008, l\u2019agence est plac\u00e9e sous la tutelle technique du minist\u00e8re du commerce, de l\u2019industrie et de l\u2019artisanat. Elle est plac\u00e9e sous la tutelle financi\u00e8re du minist\u00e8re de l\u2019\u00e9conomie, des finances et du d\u00e9veloppement. L\u2019Afp-Pme est un \u00c9tablissement public de l\u2019\u00c9tat (Epe) de la cat\u00e9gorie des Fonds nationaux de financement (Fnf), dot\u00e9 d\u2019une personnalit\u00e9 morale et d\u2019une autonomie de gestion.<\/p>\n<p><strong>TAB avec KN<\/strong><\/p>\n","protected":false},"excerpt":{"rendered":"<p>La 5\u00e8me \u00e9dition du Salon des Banques et Pme de l\u2019Union \u00e9conomiques et mon\u00e9taire Ouest africaine (Uemoa) se tiendra du 7 au 10 novembre 2019 \u00e0 Korhogo, en pr\u00e9sence de l\u2019Agence gouvernementale de financement et de promotion des Petites et moyennes entreprises (Afp-Pme). \u00c0 quelques semaines de ce rendez-vous, le partenaire institutionnel du Salon au [&hellip;]<\/p>\n","protected":false},"author":3,"featured_media":16855,"comment_status":"closed","ping_status":"closed","sticky":false,"template":"","format":"standard","meta":{"_monsterinsights_skip_tracking":false,"_monsterinsights_sitenote_active":false,"_monsterinsights_sitenote_note":"","_monsterinsights_sitenote_category":0,"footnotes":""},"categories":[2,18],"tags":[],"class_list":["post-16854","post","type-post","status-publish","format-standard","has-post-thumbnail","hentry","category-featured","category-economie"],"_links":{"self":[{"href":"https:\/\/www.lintelligentdabidjan.info\/news\/wp-json\/wp\/v2\/posts\/16854","targetHints":{"allow":["GET"]}}],"collection":[{"href":"https:\/\/www.lintelligentdabidjan.info\/news\/wp-json\/wp\/v2\/posts"}],"about":[{"href":"https:\/\/www.lintelligentdabidjan.info\/news\/wp-json\/wp\/v2\/types\/post"}],"author":[{"embeddable":true,"href":"https:\/\/www.lintelligentdabidjan.info\/news\/wp-json\/wp\/v2\/users\/3"}],"replies":[{"embeddable":true,"href":"https:\/\/www.lintelligentdabidjan.info\/news\/wp-json\/wp\/v2\/comments?post=16854"}],"version-history":[{"count":1,"href":"https:\/\/www.lintelligentdabidjan.info\/news\/wp-json\/wp\/v2\/posts\/16854\/revisions"}],"predecessor-version":[{"id":16856,"href":"https:\/\/www.lintelligentdabidjan.info\/news\/wp-json\/wp\/v2\/posts\/16854\/revisions\/16856"}],"wp:featuredmedia":[{"embeddable":true,"href":"https:\/\/www.lintelligentdabidjan.info\/news\/wp-json\/wp\/v2\/media\/16855"}],"wp:attachment":[{"href":"https:\/\/www.lintelligentdabidjan.info\/news\/wp-json\/wp\/v2\/media?parent=16854"}],"wp:term":[{"taxonomy":"category","embeddable":true,"href":"https:\/\/www.lintelligentdabidjan.info\/news\/wp-json\/wp\/v2\/categories?post=16854"},{"taxonomy":"post_tag","embeddable":true,"href":"https:\/\/www.lintelligentdabidjan.info\/news\/wp-json\/wp\/v2\/tags?post=16854"}],"curies":[{"name":"wp","href":"https:\/\/api.w.org\/{rel}","templated":true}]}}